[{"id":5358,"date":"2026-03-25T07:38:02","date_gmt":"2026-03-25T07:38:02","guid":{"rendered":"https:\/\/bilinsko.cz\/?p=5358"},"modified":"2026-03-25T07:38:44","modified_gmt":"2026-03-25T07:38:44","slug":"dopravni-situace-v-biline-online-kamery-prujezdnost-a-aktualni-data-na-dosah-ruky","status":"publish","type":"post","link":"https:\/\/bilinsko.cz\/dopravni-situace-v-biline-online-kamery-prujezdnost-a-aktualni-data-na-dosah-ruky\/","title":{"rendered":"Dopravn\u00ed situace v B\u00edlin\u011b online: kamery, pr\u016fjezdnost a aktu\u00e1ln\u00ed data na dosah ruky"},"content":{"rendered":"\n<article class=\"entry-content\">\n\n  <p class=\"perex\">Pl\u00e1nujete cestu p\u0159es B\u00edlinu a chcete v\u011bd\u011bt, zda v\u00e1s ne\u010dek\u00e1 kolona nebo uzav\u00edrka? <a href=\"https:\/\/bilinsko.cz\/bilina\/\">M\u011bsto B\u00edlina<\/a> spustilo nov\u00fd digit\u00e1ln\u00ed n\u00e1stroj, kter\u00fd \u0159idi\u010d\u016fm umo\u017e\u0148uje sledovat dopravn\u00ed situaci v re\u00e1ln\u00e9m \u010dase \u2013 p\u0159\u00edmo z mobilu nebo po\u010d\u00edta\u010de, d\u0159\u00edv ne\u017e nastoup\u00ed za volant.<\/p>\n\n  <h2>Nov\u00e1 sekce \u201eDopravn\u00ed situace&#8220; na webu m\u011bsta<\/h2>\n\n  <p>Na webov\u00fdch str\u00e1nk\u00e1ch B\u00edliny p\u0159ibyla v b\u0159eznu 2026 zcela nov\u00e1 sekce s n\u00e1zvem <strong>Dopravn\u00ed situace<\/strong>. Nejde o pouhou statickou mapu \u2013 syst\u00e9m zobrazuje \u017eiv\u00e1 data a poskytuje \u0159idi\u010d\u016fm p\u0159ehled o tom, co se pr\u00e1v\u011b d\u011bje na silnic\u00edch ve m\u011bst\u011b i jeho okol\u00ed.<\/p>\n\n  <p>Konkr\u00e9tn\u011b zde najdete:<\/p>\n\n  <ul>\n    <li><strong>Aktu\u00e1ln\u00ed pr\u016fjezdnost silnice I\/13<\/strong> \u2013 jedn\u00e9 z nejvyt\u00ed\u017een\u011bj\u0161\u00edch tah\u016f vedouc\u00edch p\u0159es B\u00edlinu<\/li>\n    <li><strong>Mapu dopravn\u00edho zat\u00ed\u017een\u00ed<\/strong> vybran\u00fdch ulic a komunikac\u00ed v centru m\u011bsta<\/li>\n    <li><strong>Upozorn\u011bn\u00ed na dopravn\u00ed nehody<\/strong> a mimo\u0159\u00e1dn\u00e9 ud\u00e1losti v provozu<\/li>\n    <li><strong>Informace o prob\u00edhaj\u00edc\u00edch prac\u00edch<\/strong> na silnic\u00edch a do\u010dasn\u00fdch uzav\u00edrk\u00e1ch<\/li>\n    <li><strong>Online p\u0159enosy z dopravn\u00edch kamer<\/strong> \u2013 pro okam\u017eit\u00fd vizu\u00e1ln\u00ed p\u0159ehled p\u0159\u00edmo z m\u00edsta<\/li>\n  <\/ul>\n\n  <h2>\u017div\u00e9 kamery: vid\u00edte situaci na vlastn\u00ed o\u010di<\/h2>\n\n  <p>Jednou z nejprakti\u010dt\u011bj\u0161\u00edch funkc\u00ed nov\u00e9ho syst\u00e9mu je p\u0159\u00edstup k <strong>online p\u0159enos\u016fm z dopravn\u00edch kamer<\/strong> instalovan\u00fdch v B\u00edlin\u011b. M\u00edsto toho, abyste se spol\u00e9hali pouze na \u010d\u00edseln\u00e9 \u00fadaje, si situaci na kl\u00ed\u010dov\u00fdch k\u0159i\u017eovatk\u00e1ch nebo pr\u016ftahu jednodu\u0161e rovnou prohl\u00e9dnete. Tato funkce je zvl\u00e1\u0161t\u011b u\u017eite\u010dn\u00e1 p\u0159i kalamitn\u00edm po\u010das\u00ed, dopravn\u00edch nehod\u00e1ch nebo p\u0159i v\u00fdjime\u010dn\u011b hust\u00e9m provozu v dob\u011b rann\u00edch a odpoledn\u00edch \u0161pi\u010dek.<\/p>\n\n  <p>Syst\u00e9m tak pom\u00e1h\u00e1 nejen proj\u00ed\u017ed\u011bj\u00edc\u00edm \u0159idi\u010d\u016fm efektivn\u011b napl\u00e1novat trasu, ale i <strong>m\u00edstn\u00edm obyvatel\u016fm B\u00edliny<\/strong>, kte\u0159\u00ed pot\u0159ebuj\u00ed rychle zareagovat na zhor\u0161enou dopravn\u00ed situaci ve sv\u00e9m okol\u00ed.<\/p>\n\n  <h2>Za projektem stoj\u00ed 5G technologie a pen\u00edze z EU<\/h2>\n\n  <p>Cel\u00fd syst\u00e9m vznikl ve spolupr\u00e1ci <a href=\"https:\/\/bilinsko.cz\/bilina\/\">m\u011bsta B\u00edlina<\/a> se spole\u010dnost\u00ed Intens a funguje na platform\u011b modern\u00ed <strong>5G telematiky<\/strong>. D\u00edky tomu jsou data p\u0159en\u00e1\u0161ena s minim\u00e1ln\u00edm zpo\u017ed\u011bn\u00edm a zobrazovan\u00e1 situace na map\u011b skute\u010dn\u011b odpov\u00edd\u00e1 tomu, co se pr\u00e1v\u011b odehr\u00e1v\u00e1 v ulic\u00edch.<\/p>\n\n  <p>Projekt nese ofici\u00e1ln\u00ed n\u00e1zev <em>\u201eVyu\u017eit\u00ed 5G telematick\u00fdch syst\u00e9m\u016f pro zv\u00fd\u0161en\u00ed bezpe\u010dnosti dopravy a informovanosti \u0159idi\u010d\u016f&#8220;<\/em> a jeho realizaci umo\u017enily prost\u0159edky z <strong>Evropsk\u00e9 unie<\/strong>. C\u00edle jsou jasn\u00e9: zv\u00fd\u0161it bezpe\u010dnost na silnic\u00edch, zefektivnit pr\u00e1ci s dopravn\u00edmi daty a zajistit, aby se informace o komplikac\u00edch v provozu dostaly k \u0159idi\u010d\u016fm v\u010das \u2013 d\u0159\u00edv ne\u017e se sami ocitnou uprost\u0159ed fronty.<\/p>\n\n  <h2>Jak sledovat dopravn\u00ed situaci v B\u00edlin\u011b?<\/h2>\n\n  <p>Aktu\u00e1ln\u00ed dopravn\u00ed data, kamery i mapa zat\u00ed\u017een\u00ed jsou dostupn\u00e9 na adrese <a href=\"https:\/\/www.doprava.bilina.cz\" target=\"_blank\" rel=\"noopener\">doprava.bilina.cz<\/a>. Slu\u017eba je zdarma, nevy\u017eaduje \u017e\u00e1dnou registraci ani instalaci aplikace a funguje v b\u011b\u017en\u00e9m prohl\u00ed\u017ee\u010di jak na po\u010d\u00edta\u010di, tak na smartphonu.<\/p>\n\n  <p>Str\u00e1nku si p\u0159idejte do z\u00e1lo\u017eek \u2013 zejm\u00e9na pokud pravideln\u011b proj\u00ed\u017ed\u00edte po silnici I\/13 nebo doj\u00ed\u017ed\u00edte p\u0159es centrum B\u00edliny. P\u00e1r vte\u0159in p\u0159ed odjezdem v\u00e1m m\u016f\u017ee u\u0161et\u0159it des\u00edtky minut st\u00e1n\u00ed v kolon\u011b.<\/p>\n\n  <p>Pokud v\u00e1s <a href=\"https:\/\/bilinsko.cz\/bilina\/\">B\u00edlina<\/a> zaj\u00edm\u00e1 nejen z dopravn\u00edho hlediska \u2013 t\u0159eba jako destinace pro v\u00fdlet, m\u00edsto pro n\u00e1kupy nebo bydlen\u00ed v \u00dasteck\u00e9m kraji \u2013 najdete o n\u00ed podrobn\u00e9 informace i na str\u00e1nk\u00e1ch Bil\u00ednska.<\/p>\n\n<\/article>\n","protected":false},"excerpt":{"rendered":"<p>Pl\u00e1nujete cestu p\u0159es B\u00edlinu a chcete v\u011bd\u011bt, zda v\u00e1s ne\u010dek\u00e1 kolona nebo uzav\u00edrka? M\u011bsto B\u00edlina spustilo nov\u00fd digit\u00e1ln\u00ed n\u00e1stroj, kter\u00fd \u0159idi\u010d\u016fm umo\u017e\u0148uje sledovat dopravn\u00ed situaci v re\u00e1ln\u00e9m \u010dase \u2013 p\u0159\u00edmo z mobilu nebo po\u010d\u00edta\u010de, d\u0159\u00edv ne\u017e nastoup\u00ed za volant. Nov\u00e1 sekce \u201eDopravn\u00ed situace&#8220; na webu m\u011bsta Na webov\u00fdch str\u00e1nk\u00e1ch B\u00edliny p\u0159ibyla v b\u0159eznu 2026 zcela [&hellip;]<\/p>\n","protected":false},"author":1,"featured_media":5082,"comment_status":"closed","ping_status":"closed","sticky":false,"template":"","format":"standard","meta":{"_et_pb_use_builder":"off","_et_pb_old_content":"","_et_gb_content_width":"","footnotes":""},"categories":[3],"tags":[],"class_list":["post-5358","post","type-post","status-publish","format-standard","has-post-thumbnail","hentry","category-bilina"],"_links":{"self":[{"href":"https:\/\/bilinsko.cz\/wp-json\/wp\/v2\/posts\/5358","targetHints":{"allow":["GET"]}}],"collection":[{"href":"https:\/\/bilinsko.cz\/wp-json\/wp\/v2\/posts"}],"about":[{"href":"https:\/\/bilinsko.cz\/wp-json\/wp\/v2\/types\/post"}],"author":[{"embeddable":true,"href":"https:\/\/bilinsko.cz\/wp-json\/wp\/v2\/users\/1"}],"replies":[{"embeddable":true,"href":"https:\/\/bilinsko.cz\/wp-json\/wp\/v2\/comments?post=5358"}],"version-history":[{"count":2,"href":"https:\/\/bilinsko.cz\/wp-json\/wp\/v2\/posts\/5358\/revisions"}],"predecessor-version":[{"id":5361,"href":"https:\/\/bilinsko.cz\/wp-json\/wp\/v2\/posts\/5358\/revisions\/5361"}],"wp:featuredmedia":[{"embeddable":true,"href":"https:\/\/bilinsko.cz\/wp-json\/wp\/v2\/media\/5082"}],"wp:attachment":[{"href":"https:\/\/bilinsko.cz\/wp-json\/wp\/v2\/media?parent=5358"}],"wp:term":[{"taxonomy":"category","embeddable":true,"href":"https:\/\/bilinsko.cz\/wp-json\/wp\/v2\/categories?post=5358"},{"taxonomy":"post_tag","embeddable":true,"href":"https:\/\/bilinsko.cz\/wp-json\/wp\/v2\/tags?post=5358"}],"curies":[{"name":"wp","href":"https:\/\/api.w.org\/{rel}","templated":true}]}},{"id":5354,"date":"2026-02-24T06:38:58","date_gmt":"2026-02-24T06:38:58","guid":{"rendered":"https:\/\/bilinsko.cz\/?p=5354"},"modified":"2026-02-24T06:40:27","modified_gmt":"2026-02-24T06:40:27","slug":"nahlednete-do-budoucnosti-jezera-milada-sloni-praturi-a-svetovy-unikat-na-ustecku","status":"publish","type":"post","link":"https:\/\/bilinsko.cz\/nahlednete-do-budoucnosti-jezera-milada-sloni-praturi-a-svetovy-unikat-na-ustecku\/","title":{"rendered":"Nahl\u00e9dn\u011bte do budoucnosti Jezera Milada: Sloni, pratu\u0159i a sv\u011btov\u00fd unik\u00e1t na \u00dastecku"},"content":{"rendered":"\n<pre class=\"wp-block-code\"><code><\/code><\/pre>\n\n\n\n<article>\n\n\n    <p>Zat\u00edmco dnes je <a href=\"https:\/\/bilinsko.cz\/jezero-milada\/\" title=\"V\u0161e o jezeru Milada\">jezero Milada<\/a> obl\u00edben\u00fdm c\u00edlem pro cyklisty a plavce, v budoucnu se m\u016f\u017ee st\u00e1t m\u00edstem, kter\u00e9 nem\u00e1 ve sv\u011bt\u011b obdoby. Nov\u011b p\u0159edstaven\u00fd projekt <strong>Divok\u00e1 Milada<\/strong> toti\u017e nepl\u00e1nuje jen b\u011b\u017enou rekultivaci. Chce do krajiny po t\u011b\u017eb\u011b uhl\u00ed vr\u00e1tit divo\u010dinu v jej\u00ed nej\u010dist\u0161\u00ed podob\u011b \u2013 v\u010detn\u011b zv\u00ed\u0159at, kter\u00e1 byste zde rozhodn\u011b ne\u010dekali.<\/p>\n\n    <h2>Od uheln\u00e9ho lomu k asijsk\u00e9 savan\u011b<\/h2>\n    <p>Projekt, kter\u00fd se za\u010dal r\u00fdsovat na za\u010d\u00e1tku roku 2026, nese podtitul <em>\u201ev\u00fdjime\u010dn\u00e9 propojen\u00ed p\u0159\u00edrody, v\u011bdy a udr\u017eitelnosti\u201c<\/em>. Hlavn\u00ed viz\u00ed je zachov\u00e1n\u00ed p\u0159\u00edrodn\u00edho r\u00e1zu krajiny bez masivn\u00ed betonov\u00e9 v\u00fdstavby. Nam\u00edsto klasick\u00fdch rekrea\u010dn\u00edch resort\u016f se do\u010dk\u00e1me unik\u00e1tn\u00edch biotop\u016f, kter\u00e9 simuluj\u00ed prav\u011bkou i asijskou p\u0159\u00edrodu.<\/p>\n    <img decoding=\"async\" src=\"https:\/\/bilinsko.cz\/wp-content\/uploads\/2022\/01\/jezero-milada2-1080x675-1.jpg\" alt=\"Pohled na jezero Milada na \u00dastecku\" style=\"width:100%; height:auto; margin-bottom:20px; border-radius:8px;\">\n\n    <h3>Co v\u0161echno Divok\u00e1 Milada nab\u00eddne?<\/h3>\n    <ul>\n        <li><strong>\u010cesk\u00fd prav\u011bk:<\/strong> Nejv\u011bt\u0161\u00ed tuzemsk\u00e1 pastevn\u00ed rezervace, kde budou voln\u011b \u017e\u00edt zub\u0159i, divoc\u00ed kon\u011b a pratu\u0159i.<\/li>\n        <li><strong>Asijsk\u00e1 expozice:<\/strong> Tady ambice projektu sahaj\u00ed nejd\u00e1le. Pokud se vize napln\u00ed, Milada se stane domovem pro slony a nosoro\u017ece indick\u00e9. \u0160lo by o <strong>nejv\u011bt\u0161\u00ed expozici asijsk\u00fdch tlustoko\u017ec\u016f na sv\u011bt\u011b<\/strong>.<\/li>\n        <li><strong>Asijsk\u00e9 pl\u00e1n\u011b:<\/strong> Rozlehl\u00e9 prostory ur\u010den\u00e9 pro gazely, velbloudy a jaky.<\/li>\n    <\/ul>\n\n    <h2>Udr\u017eiteln\u00fd turismus a k\u0159i\u0161t\u00e1lov\u011b \u010dist\u00e1 voda<\/h2>\n    <p>I kdy\u017e je prioritou ochrana p\u0159\u00edrody a n\u00e1vrat velk\u00fdch kopytn\u00edk\u016f, n\u00e1v\u0161t\u011bvn\u00edci nep\u0159ijdou zkr\u00e1tka. Projekt po\u010d\u00edt\u00e1 s modern\u00edm, ale \u0161etrn\u00fdm z\u00e1zem\u00edm. Pozornost je v\u011bnov\u00e1na i ekologii samotn\u00e9ho jezera. Nen\u00ed divu, \u017ee <a href=\"https:\/\/bilinsko.cz\/nejcistsi-jezera-na-koupani-v-cr-naleznete-je-v-usteckem-kraji\/\" title=\"Nej\u010dist\u0161\u00ed jezera na koup\u00e1n\u00ed v \u010cR\">nej\u010dist\u0161\u00ed jezera na koup\u00e1n\u00ed v \u010cR<\/a> naleznete pr\u00e1v\u011b v \u00dasteck\u00e9m kraji, a Milada si tento status hodl\u00e1 udr\u017eet pomoc\u00ed mok\u0159ad\u016f a p\u0159irozen\u00e9 regulace ryb.<\/p>\n\n    <p><strong>Pl\u00e1novan\u00e9 z\u00e1zem\u00ed zahrnuje:<\/strong><\/p>\n    <ol>\n        <li>Kvalitn\u00ed pl\u00e1\u017ee s gastroprovozy soust\u0159ed\u011bn\u00e9 do vybran\u00fdch lokalit.<\/li>\n        <li>Modern\u00ed kemp a z\u00e1zem\u00ed pro v\u00edcedenn\u00ed turistiku.<\/li>\n        <li>Nov\u00e9 trasy pro p\u011b\u0161\u00ed a cyklisty, kter\u00e9 v\u00e1s provedou divo\u010dinou bez ru\u0161en\u00ed zv\u00ed\u0159at.<\/li>\n    <\/ol>\n\n    <blockquote>\n        <p>\u201eDivok\u00e1 Milada m\u00e1 ambice st\u00e1t se skrze inovativn\u00ed p\u0159\u00edstup a n\u00e1padit\u00e1 \u0159e\u0161en\u00ed modelem sv\u011btov\u00e9ho v\u00fdznamu pro \u0161etrn\u00e9 vyu\u017eit\u00ed a obnovu \u010dlov\u011bkem siln\u011b naru\u0161en\u00fdch lokalit,\u201c dod\u00e1v\u00e1 k projektu <strong>Veronika Schrankov\u00e1<\/strong>, mluv\u010d\u00ed zoo \u00dast\u00ed nad Labem, kter\u00e1 se na viz\u00edch pod\u00edl\u00ed.<\/p>\n    <\/blockquote>\n\n    <h2>Pro\u010d je tento projekt d\u016fle\u017eit\u00fd?<\/h2>\n    <p>Lokalita jezera Milada pro\u0161la v minulosti obrovskou z\u00e1t\u011b\u017e\u00ed kv\u016fli t\u011b\u017eb\u011b. Divok\u00e1 Milada nevyu\u017e\u00edv\u00e1 drah\u00e1 technick\u00e1 \u0159e\u0161en\u00ed, ale s\u00e1z\u00ed na <strong>p\u0159irozen\u00e9 procesy<\/strong>. Velc\u00ed b\u00fdlo\u017eravci budou krajinu sami \u201eudr\u017eovat\u201c a p\u0159irozen\u011b podpo\u0159\u00ed vznik druhov\u011b bohat\u00fdch biotop\u016f.<\/p>\n\n    <p>Chcete se o budoucnosti jezera dozv\u011bd\u011bt v\u00edce nebo se zapojit do dialogu? Nav\u0161tivte ofici\u00e1ln\u00ed web projektu na adrese <strong>www.divokamilada.eu<\/strong> a bu\u010fte u zrodu nov\u00e9 \u00e9ry severo\u010desk\u00e9 krajiny.<\/p>\n<\/article>\n","protected":false},"excerpt":{"rendered":"<p>Zat\u00edmco dnes je jezero Milada obl\u00edben\u00fdm c\u00edlem pro cyklisty a plavce, v budoucnu se m\u016f\u017ee st\u00e1t m\u00edstem, kter\u00e9 nem\u00e1 ve sv\u011bt\u011b obdoby. Nov\u011b p\u0159edstaven\u00fd projekt Divok\u00e1 Milada toti\u017e nepl\u00e1nuje jen b\u011b\u017enou rekultivaci. Chce do krajiny po t\u011b\u017eb\u011b uhl\u00ed vr\u00e1tit divo\u010dinu v jej\u00ed nej\u010dist\u0161\u00ed podob\u011b \u2013 v\u010detn\u011b zv\u00ed\u0159at, kter\u00e1 byste zde rozhodn\u011b ne\u010dekali. Od uheln\u00e9ho lomu [&hellip;]<\/p>\n","protected":false},"author":1,"featured_media":2968,"comment_status":"closed","ping_status":"closed","sticky":false,"template":"","format":"standard","meta":{"_et_pb_use_builder":"off","_et_pb_old_content":"","_et_gb_content_width":"","footnotes":""},"categories":[29],"tags":[],"class_list":["post-5354","post","type-post","status-publish","format-standard","has-post-thumbnail","hentry","category-blog"],"_links":{"self":[{"href":"https:\/\/bilinsko.cz\/wp-json\/wp\/v2\/posts\/5354","targetHints":{"allow":["GET"]}}],"collection":[{"href":"https:\/\/bilinsko.cz\/wp-json\/wp\/v2\/posts"}],"about":[{"href":"https:\/\/bilinsko.cz\/wp-json\/wp\/v2\/types\/post"}],"author":[{"embeddable":true,"href":"https:\/\/bilinsko.cz\/wp-json\/wp\/v2\/users\/1"}],"replies":[{"embeddable":true,"href":"https:\/\/bilinsko.cz\/wp-json\/wp\/v2\/comments?post=5354"}],"version-history":[{"count":2,"href":"https:\/\/bilinsko.cz\/wp-json\/wp\/v2\/posts\/5354\/revisions"}],"predecessor-version":[{"id":5356,"href":"https:\/\/bilinsko.cz\/wp-json\/wp\/v2\/posts\/5354\/revisions\/5356"}],"wp:featuredmedia":[{"embeddable":true,"href":"https:\/\/bilinsko.cz\/wp-json\/wp\/v2\/media\/2968"}],"wp:attachment":[{"href":"https:\/\/bilinsko.cz\/wp-json\/wp\/v2\/media?parent=5354"}],"wp:term":[{"taxonomy":"category","embeddable":true,"href":"https:\/\/bilinsko.cz\/wp-json\/wp\/v2\/categories?post=5354"},{"taxonomy":"post_tag","embeddable":true,"href":"https:\/\/bilinsko.cz\/wp-json\/wp\/v2\/tags?post=5354"}],"curies":[{"name":"wp","href":"https:\/\/api.w.org\/{rel}","templated":true}]}},{"id":5347,"date":"2026-02-23T14:36:56","date_gmt":"2026-02-23T14:36:56","guid":{"rendered":"https:\/\/bilinsko.cz\/?p=5347"},"modified":"2026-02-23T14:36:57","modified_gmt":"2026-02-23T14:36:57","slug":"maceta-jako-originalni-darek-pro-muze-ktery-ma-rad-prirodu","status":"publish","type":"post","link":"https:\/\/bilinsko.cz\/maceta-jako-originalni-darek-pro-muze-ktery-ma-rad-prirodu\/","title":{"rendered":"Ma\u010deta jako origin\u00e1ln\u00ed d\u00e1rek pro mu\u017ee, kter\u00fd m\u00e1 r\u00e1d p\u0159\u00edrodu"},"content":{"rendered":"\n<p><br>Hled\u00e1te d\u00e1rek pro mu\u017ee, kter\u00fd tr\u00e1v\u00ed voln\u00fd \u010das v p\u0159\u00edrod\u011b, miluje bushcraft nebo prost\u011b ned\u00e1 dopustit na kvalitn\u00ed vybaven\u00ed? Zapome\u0148te na dal\u0161\u00ed pono\u017eky nebo parf\u00e9m. Ma\u010deta je d\u00e1rek, kter\u00fd skute\u010dn\u011b p\u0159ekvap\u00ed \u2013 a nav\u00edc ho obdarovan\u00fd bude pou\u017e\u00edvat dlouh\u00e9 roky.<\/p>\n\n\n\n<h2>Ma\u010deta je skv\u011bl\u00fd d\u00e1rek pro ka\u017ed\u00e9ho outdoorov\u00e9ho nad\u0161ence<\/h2>\n<p>Ka\u017ed\u00fd, kdo se pravideln\u011b vyd\u00e1v\u00e1 do p\u0159\u00edrody, v\u00ed, \u017ee spr\u00e1vn\u00e9 vybaven\u00ed dok\u00e1\u017ee rozhodnout o pohodl\u00ed, bezpe\u010dnosti i z\u00e1\u017eitku z v\u00fdpravy. <a href=\"https:\/\/www.skitt.cz\/macety\/\" rel=\"dofollow noopener\" title=\"Ma\u010dety\" target=\"_blank\">Ma\u010deta<\/a> pat\u0159\u00ed k n\u00e1stroj\u016fm, kter\u00e9 maj\u00ed v outdoor sv\u011bt\u011b nezastupiteln\u00e9 m\u00edsto. Pom\u00e1h\u00e1 p\u0159i p\u0159\u00edprav\u011b t\u00e1bo\u0159i\u0161t\u011b, sek\u00e1n\u00ed v\u011btv\u00ed na ohe\u0148, prosek\u00e1v\u00e1n\u00ed cesty hust\u00fdm porostem nebo v\u00fdrob\u011b improvizovan\u00fdch pom\u016fcek. Je to n\u00e1stroj s histori\u00ed, charakterem i praktick\u00fdm vyu\u017eit\u00edm \u2013 a pr\u00e1v\u011b to z n\u00ed d\u011bl\u00e1 d\u00e1rek s p\u0159\u00edb\u011bhem.<\/p>\n<p>Na rozd\u00edl od generick\u00fdch d\u00e1rk\u016f ma\u010deta \u0159\u00edk\u00e1: \u201eV\u00edm, co m\u00e1\u0161 r\u00e1d. V\u00edm, kdo jsi.&#8220; A to je p\u0159esn\u011b to, co dobr\u00fd d\u00e1rek d\u011bl\u00e1 dobr\u00fdm d\u00e1rkem.<\/p>\n<h2>Ma\u010deta nen\u00ed jen jeden typ \u2013 jak vybrat tu spr\u00e1vnou?<\/h2>\n<p>Jednou z nejv\u011bt\u0161\u00edch v\u00fdhod ma\u010dety jako d\u00e1rku je bohat\u00fd v\u00fdb\u011br typ\u016f, tvar\u016f a velikost\u00ed. Ka\u017ed\u00fd model se hod\u00ed pro trochu jin\u00fd styl a ka\u017ed\u00fd m\u00e1 sv\u016fj jedine\u010dn\u00fd charakter. Na SKITT.cz najdete des\u00edtky model\u016f, ze kter\u00fdch si vybere opravdu ka\u017ed\u00fd.<\/p>\n<ul>\n<li><strong>Kukri ma\u010deta<\/strong> \u2013 legenda nep\u00e1lsk\u00fdch v\u00e1le\u010dn\u00edk\u016f.\u00a0Kukri je jedn\u00edm z nejslavn\u011bj\u0161\u00edch tvar\u016f ma\u010dety na sv\u011bt\u011b. Jej\u00ed charakteristicky zahnut\u00e1 \u010depel poch\u00e1z\u00ed z tradice nep\u00e1lsk\u00fdch bojovn\u00edk\u016f Gurkha a dodnes pat\u0159\u00ed mezi nejobl\u00edben\u011bj\u0161\u00ed typy pro bushcraft i sb\u011bratelstv\u00ed. Kukri ma\u010deta je d\u00e1rek s du\u0161\u00ed \u2013 p\u016fsobiv\u00e1, siln\u00e1 a pln\u00e1 p\u0159\u00edb\u011bhu.<\/li>\n<li><strong>Bowie ma\u010deta<\/strong> \u2013 ikona americk\u00e9ho Divok\u00e9ho z\u00e1padu.\u00a0Pokud obdarovan\u00fd inklinuje sp\u00ed\u0161e k americk\u00e9mu stylu a dobrodru\u017estv\u00ed, s\u00e1hn\u011bte po Bowie ma\u010det\u011b. Dlouh\u00e1 pevn\u00e1 \u010depel, ergonomick\u00e1 rukoje\u0165 a v\u00fdrazn\u00fd design z n\u00ed d\u011blaj\u00ed skv\u011bl\u00fd n\u00e1stroj pro ka\u017ed\u00e9ho, kdo si potrp\u00ed na styl i v\u00fdkon.<\/li>\n<li><strong>Survival ma\u010deta<\/strong> \u2013 spolehliv\u00fd par\u0165\u00e1k do ter\u00e9nu.\u00a0Pro v\u00e1\u0161niv\u00e9ho survivalistu nebo milovn\u00edka v\u00fdprav do divo\u010diny je jako stvo\u0159en\u00e1. Pevn\u00e1 konstrukce, nerezov\u00e1 ocel a praktick\u00e9 rozm\u011bry \u2013 to jsou vlastnosti, kter\u00e9 ocen\u00edte v\u017edy, kdy\u017e se vzd\u00e1l\u00edte od civilizace.<\/li>\n<\/ul>\n<h2>Velk\u00e1 ma\u010deta s pouzdrem \u2013 pro ty, kdo mysl\u00ed na v\u0161e<\/h2>\n<p>Chcete d\u00e1rek kompletn\u00ed a p\u0159ipraven\u00fd k okam\u017eit\u00e9mu pou\u017eit\u00ed? Velk\u00e1 <strong>ma\u010deta s pouzdrem<\/strong> je p\u0159esn\u011b to prav\u00e9. T\u011b\u017ek\u00e1, pevn\u00e1, nerezov\u00e1 a dod\u00e1van\u00e1 s ochrann\u00fdm pouzdrem. Obdarovan\u00fd ji m\u016f\u017ee rovnou p\u0159ipnout k batohu a vyrazit.<\/p>\n<h2>Z \u010deho jsou kvalitn\u00ed ma\u010dety vyrobeny?<\/h2>\n<p>P\u0159i v\u00fdb\u011bru ma\u010dety jako d\u00e1rku je d\u016fle\u017eit\u00e9 v\u011bnovat pozornost materi\u00e1lu a konstrukci. V\u0161echny ma\u010dety na <strong>SKITT.cz<\/strong> jsou vyrobeny z nerezov\u00e9 oceli, kter\u00e1 zaji\u0161\u0165uje odolnost v\u016f\u010di vlhkosti, korozi a ka\u017edodenn\u00edmu opot\u0159eben\u00ed. Nerezov\u00e1 ocel nevy\u017eaduje n\u00e1ro\u010dnou \u00fadr\u017ebu \u2013 sta\u010d\u00ed ma\u010detu po pou\u017eit\u00ed ot\u0159\u00edt a ulo\u017eit do pouzdra.<\/p>\n<p>Stejn\u011b d\u016fle\u017eit\u00e1 je rukoje\u0165 \u2013 ergonomick\u00e9 modely z pevn\u00e9ho plastu nebo p\u0159\u00edrodn\u00edho d\u0159eva zaji\u0161\u0165uj\u00ed jist\u00fd \u00fachop i p\u0159i nam\u00e1hav\u00e9 pr\u00e1ci v ter\u00e9nu. V\u00fdb\u011br mezi plastovou a d\u0159ev\u011bnou rukojet\u00ed je ot\u00e1zkou osobn\u00edho vkusu: d\u0159evo p\u016fsob\u00ed tradi\u010dn\u011b a elegantn\u011b, plast nab\u00eddne v\u011bt\u0161\u00ed odolnost za ka\u017ed\u00e9ho po\u010das\u00ed.<\/p>\n<h3>Jak ma\u010detu spr\u00e1vn\u011b darovat?<\/h3>\n<p>Ma\u010deta je d\u00e1rek, kter\u00fd si zaslou\u017e\u00ed spr\u00e1vn\u00e9 pod\u00e1n\u00ed. P\u0159ibalte k n\u00ed praktick\u00e9 pouzdro \u2013 mnoho model\u016f na skitt.cz ho obsahuje p\u0159\u00edmo v balen\u00ed. Pokud obdarovan\u00fd teprve za\u010d\u00edn\u00e1 s outdoorov\u00fdmi aktivitami, zvolte univerz\u00e1ln\u00ed model st\u0159edn\u00ed d\u00e9lky (45\u201355 cm), kter\u00fd zvl\u00e1dne v\u011bt\u0161inu \u00fakol\u016f v ter\u00e9nu i na zahrad\u011b. Pro zku\u0161en\u00e9ho bushcraftera naopak pot\u011b\u0161\u00ed specializovan\u00fd typ, jako je Kukri nebo Bayonet.<\/p>\n<h3>Ma\u010deta jako d\u00e1rek<\/h3>\n<p>Ma\u010deta jako d\u00e1rek pro mu\u017ee miluj\u00edc\u00edho p\u0159\u00edrodu spl\u0148uje v\u0161e, co od skv\u011bl\u00e9ho d\u00e1rku o\u010dek\u00e1v\u00e1me \u2013 je origin\u00e1ln\u00ed, praktick\u00e1, trvanliv\u00e1 a s charakterem. Narozeninov\u00fd d\u00e1rek, v\u00e1no\u010dn\u00ed p\u0159ekvapen\u00ed nebo odm\u011bnu pro kamar\u00e1da po zdolan\u00e9 v\u00fdzv\u011b, ma\u010deta je d\u00e1rek, na kterou se nezapom\u00edn\u00e1.<\/p>\n<p>Cel\u00fd v\u00fdb\u011br kvalitn\u00edch ma\u010det, nebo i <a href=\"https:\/\/www.skitt.cz\/kapesni-noze\/\" rel=\"dofollow noopener\" title=\"Kapesn\u00ed no\u017ee\" target=\"_blank\">kapesn\u00ed no\u017ee<\/a>, najdete na <strong>SKITT.cz<\/strong> \u2013 \u010desk\u00e1 outdoorov\u00e1 prodejna s rychl\u00fdm doru\u010den\u00edm a z\u00e1kaznickou podporou. Vyberte d\u00e1rek, kter\u00fd zanech\u00e1 stopu \u2013 stejn\u011b jako po\u0159\u00e1dn\u00e1 ma\u010deta v hust\u00e9m podrostu.<\/p>\n","protected":false},"excerpt":{"rendered":"<p>Hled\u00e1te d\u00e1rek pro mu\u017ee, kter\u00fd tr\u00e1v\u00ed voln\u00fd \u010das v p\u0159\u00edrod\u011b, miluje bushcraft nebo prost\u011b ned\u00e1 dopustit na kvalitn\u00ed vybaven\u00ed? Zapome\u0148te na dal\u0161\u00ed pono\u017eky nebo parf\u00e9m. Ma\u010deta je d\u00e1rek, kter\u00fd skute\u010dn\u011b p\u0159ekvap\u00ed \u2013 a nav\u00edc ho obdarovan\u00fd bude pou\u017e\u00edvat dlouh\u00e9 roky. Ma\u010deta je skv\u011bl\u00fd d\u00e1rek pro ka\u017ed\u00e9ho outdoorov\u00e9ho nad\u0161ence Ka\u017ed\u00fd, kdo se pravideln\u011b vyd\u00e1v\u00e1 do p\u0159\u00edrody, [&hellip;]<\/p>\n","protected":false},"author":1,"featured_media":5348,"comment_status":"closed","ping_status":"closed","sticky":false,"template":"","format":"standard","meta":{"_et_pb_use_builder":"off","_et_pb_old_content":"","_et_gb_content_width":"","footnotes":""},"categories":[29],"tags":[],"class_list":["post-5347","post","type-post","status-publish","format-standard","has-post-thumbnail","hentry","category-blog"],"_links":{"self":[{"href":"https:\/\/bilinsko.cz\/wp-json\/wp\/v2\/posts\/5347","targetHints":{"allow":["GET"]}}],"collection":[{"href":"https:\/\/bilinsko.cz\/wp-json\/wp\/v2\/posts"}],"about":[{"href":"https:\/\/bilinsko.cz\/wp-json\/wp\/v2\/types\/post"}],"author":[{"embeddable":true,"href":"https:\/\/bilinsko.cz\/wp-json\/wp\/v2\/users\/1"}],"replies":[{"embeddable":true,"href":"https:\/\/bilinsko.cz\/wp-json\/wp\/v2\/comments?post=5347"}],"version-history":[{"count":1,"href":"https:\/\/bilinsko.cz\/wp-json\/wp\/v2\/posts\/5347\/revisions"}],"predecessor-version":[{"id":5349,"href":"https:\/\/bilinsko.cz\/wp-json\/wp\/v2\/posts\/5347\/revisions\/5349"}],"wp:featuredmedia":[{"embeddable":true,"href":"https:\/\/bilinsko.cz\/wp-json\/wp\/v2\/media\/5348"}],"wp:attachment":[{"href":"https:\/\/bilinsko.cz\/wp-json\/wp\/v2\/media?parent=5347"}],"wp:term":[{"taxonomy":"category","embeddable":true,"href":"https:\/\/bilinsko.cz\/wp-json\/wp\/v2\/categories?post=5347"},{"taxonomy":"post_tag","embeddable":true,"href":"https:\/\/bilinsko.cz\/wp-json\/wp\/v2\/tags?post=5347"}],"curies":[{"name":"wp","href":"https:\/\/api.w.org\/{rel}","templated":true}]}},{"id":5336,"date":"2026-01-29T07:42:50","date_gmt":"2026-01-29T07:42:50","guid":{"rendered":"https:\/\/bilinsko.cz\/?p=5336"},"modified":"2026-01-29T07:42:52","modified_gmt":"2026-01-29T07:42:52","slug":"jak-vybrat-kvalitni-prosteradlo","status":"publish","type":"post","link":"https:\/\/bilinsko.cz\/jak-vybrat-kvalitni-prosteradlo\/","title":{"rendered":"Jak vybrat kvalitn\u00ed prost\u011bradlo"},"content":{"rendered":"\n<p>Prost\u011bradlo je \u010dasto opom\u00edjenou sou\u010d\u00e1st\u00ed l\u016f\u017ekovin, p\u0159itom m\u00e1 z\u00e1sadn\u00ed vliv na pohodl\u00ed p\u0159i sp\u00e1nku. Kvalitn\u00ed prost\u011bradla dok\u00e1\u017eou zv\u00fd\u0161it komfort, jsou p\u0159\u00edjemn\u00e1 na dotek a vydr\u017e\u00ed opakovan\u00e9 pran\u00ed bez ztr\u00e1ty tvaru \u010di barvy. Naopak nekvalitn\u00ed prost\u011bradlo se m\u016f\u017ee po p\u00e1r m\u011bs\u00edc\u00edch vytahat a za\u010d\u00edt \u017emolkovat, co\u017e rozhodn\u011b na pohodl\u00ed nep\u0159id\u00e1. V tomto \u010dl\u00e1nku se zam\u011b\u0159\u00edme na to, jak vybrat prost\u011bradlo \u2013 jak\u00e9 jsou rozd\u00edly v materi\u00e1lech, na kter\u00e9 vlastnosti se soust\u0159edit a pro\u010d se vyplat\u00ed investovat do kvality.<\/p>\n\n\n\n<p><p><br><\/p><\/p>\n\n\n\n<figure class=\"wp-block-image size-full\"><img decoding=\"async\" width=\"720\" height=\"480\" src=\"https:\/\/bilinsko.cz\/wp-content\/uploads\/2026\/01\/yurit6m01kes9pv-1.jpg\" alt=\"Kvalitn\u00ed prost\u011bradla: barevn\u00e1 frot\u00e9 prost\u011bradla v ko\u0161\u00edku s bavlnou. Vyberte si to prav\u00e9!\" class=\"wp-image-5342\" srcset=\"https:\/\/bilinsko.cz\/wp-content\/uploads\/2026\/01\/yurit6m01kes9pv-1.jpg 720w, https:\/\/bilinsko.cz\/wp-content\/uploads\/2026\/01\/yurit6m01kes9pv-1-480x320.jpg 480w\" sizes=\"(min-width: 0px) and (max-width: 480px) 480px, (min-width: 481px) 720px, 100vw\" \/><figcaption class=\"wp-element-caption\">Hled\u00e1te ide\u00e1ln\u00ed prost\u011bradlo? Jemn\u00e9 frot\u00e9 v pastelov\u00fdch barv\u00e1ch je skv\u011bl\u00e1 volba pro v\u00e1\u0161 klidn\u00fd sp\u00e1nek! <\/figcaption><\/figure>\n\n\n\n<h2 class=\"wp-block-heading\"><strong>Materi\u00e1ly a typy prost\u011bradel<\/strong><\/h2>\n\n\n\n<p>Ka\u017ed\u00fd materi\u00e1l prost\u011bradla m\u00e1 jin\u00e9 vlastnosti. P\u0159i v\u00fdb\u011bru m\u016f\u017eete narazit na r\u016fzn\u00e9 typy:<\/p>\n\n\n\n<ul class=\"wp-block-list\">\n<li><strong>Bavlna:<\/strong>\u00a0Klasick\u00e1 hladk\u00e1 bavln\u011bn\u00e1 prost\u011bradla jsou osv\u011bd\u010denou volbou. Bavlna je prody\u0161n\u00e1 a p\u0159\u00edjemn\u00e1 na omak v l\u00e9t\u011b i v zim\u011b. Kvalitn\u00ed bavln\u011bn\u00e9 prost\u011bradlo snese \u010dast\u00e9 pran\u00ed i na vy\u0161\u0161\u00ed teploty (klidn\u011b 60 \u00b0C) pro zachov\u00e1n\u00ed hygieny l\u016f\u017eka. Dostupn\u00e1 jsou v proveden\u00ed s gumou (nap\u00ednac\u00ed) pro snadn\u00e9 povle\u010den\u00ed i jako klasick\u00e9 plachty bez gumy.<br><\/li>\n\n\n\n<li><strong>Jersey (\u017eerzej):<\/strong>\u00a0Jedn\u00e1 se o pleteninu z bavlny \u010dasto s p\u0159\u00edm\u011bs\u00ed elastanu, d\u00edky \u010demu\u017e jsou jersey prost\u011bradla velmi pru\u017en\u00e1 a dob\u0159e obepnou matraci. Jsou leh\u010d\u00ed, hlad\u0161\u00ed a v\u00edce prody\u0161n\u00e1 ne\u017e frot\u00e9, tak\u017ee se v\u00fdborn\u011b hod\u00ed do teplej\u0161\u00edch m\u011bs\u00edc\u016f. Velkou v\u00fdhodou je, \u017ee se nema\u010dkaj\u00ed \u2013 po vypr\u00e1n\u00ed je nen\u00ed nutn\u00e9 \u017eehlit.<br><\/li>\n\n\n\n<li><strong>Frot\u00e9:<\/strong>\u00a0Obl\u00edben\u00e1 varianta z bavln\u011bn\u00e9 smy\u010dkov\u00e9 tkaniny. Frot\u00e9 prost\u011bradla jsou\u00a0<strong>velmi m\u011bkk\u00e1, h\u0159ejiv\u00e1 a sav\u00e1<\/strong>\u00a0\u2013 v\u00fdborn\u011b absorbuj\u00ed vlhkost a z\u00e1rove\u0148 p\u0159\u00edjemn\u011b zah\u0159ej\u00ed, co\u017e ocen\u00edte hlavn\u011b v chladn\u00fdch m\u011bs\u00edc\u00edch. Z\u00e1rove\u0148 jsou pru\u017en\u00e1 (d\u00edky smy\u010dkov\u00e9mu \u00fapletu dob\u0159e sed\u00ed na matraci) a nen\u00e1ro\u010dn\u00e1 na \u00fadr\u017ebu \u2013 po vypr\u00e1n\u00ed je nen\u00ed pot\u0159eba \u017eehlit.<br><\/li>\n\n\n\n<li><strong>Sat\u00e9n:<\/strong>\u00a0Luxusn\u00ed volba pro n\u00e1ro\u010dn\u00e9. Sat\u00e9nov\u00e1 prost\u011bradla z kvalitn\u00ed bavlny maj\u00ed hladk\u00fd leskl\u00fd povrch, kter\u00fd v l\u00e9t\u011b chlad\u00ed a v zim\u011b naopak h\u0159eje. Doporu\u010duje se volit\u00a0<strong>bavln\u011bn\u00fd sat\u00e9n<\/strong>, jen\u017e je prody\u0161n\u00fd a p\u0159\u00edjemn\u00fd. Levn\u011bj\u0161\u00ed\u00a0<strong>um\u011bl\u00fd sat\u00e9n<\/strong>\u00a0sice l\u00e1k\u00e1 cenou, ale nen\u00ed tak prody\u0161n\u00fd a nav\u00edc m\u016f\u017ee nep\u0159\u00edjemn\u011b klouzat po matraci.<br><br><\/li>\n<\/ul>\n\n\n\n<figure class=\"wp-block-image size-full\"><img decoding=\"async\" width=\"934\" height=\"933\" src=\"https:\/\/bilinsko.cz\/wp-content\/uploads\/2026\/01\/ei1ldj5anhwmenj-1.jpg\" alt=\"Detail modr\u00e9ho prost\u011bradla. Jemn\u00e1 textura l\u00e1tky, ide\u00e1ln\u00ed pro kvalitn\u00ed sp\u00e1nek. Vyberte si to prav\u00e9!\" class=\"wp-image-5343\" srcset=\"https:\/\/bilinsko.cz\/wp-content\/uploads\/2026\/01\/ei1ldj5anhwmenj-1.jpg 934w, https:\/\/bilinsko.cz\/wp-content\/uploads\/2026\/01\/ei1ldj5anhwmenj-1-480x479.jpg 480w\" sizes=\"(min-width: 0px) and (max-width: 480px) 480px, (min-width: 481px) 934px, 100vw\" \/><figcaption class=\"wp-element-caption\"> Detail kvalitn\u00edho prost\u011bradla v syt\u011b modr\u00e9 barv\u011b.  Jak vybrat to nejlep\u0161\u00ed? Pod\u00edvejte se na na\u0161e tipy!<\/figcaption><\/figure>\n\n\n\n<h2 class=\"wp-block-heading\"><strong>Jak vybrat prost\u011bradlo<\/strong><\/h2>\n\n\n\n<p>Aby v\u00e1m nov\u00e9&nbsp;<a href=\"https:\/\/www.kvalitex.cz\/tipy-na-kvalitni-frote-prosteradla\/\" target=\"_blank\" rel=\"noopener\"><u>prost\u011bradlo<\/u><\/a>&nbsp;dob\u0159e slou\u017eilo, zam\u011b\u0159te se p\u0159i n\u00e1kupu na n\u011bkolik kl\u00ed\u010dov\u00fdch parametr\u016f:<\/p>\n\n\n\n<ul class=\"wp-block-list\">\n<li><strong>Rozm\u011br a v\u00fd\u0161ka matrace:<\/strong>\u00a0Zvolte spr\u00e1vnou velikost prost\u011bradla podle rozm\u011br\u016f matrace (d\u00e9lka \u00d7 \u0161\u00ed\u0159ka) a nezapome\u0148te na\u00a0<strong>v\u00fd\u0161ku<\/strong>\u00a0matrace. Prost\u011bradlo by m\u011blo matraci dokonale obepnout \u2013 nem\u011bly by z\u016fstat odhalen\u00e9 boky a uprost\u0159ed l\u016f\u017eka nesm\u00ed doch\u00e1zet ke krabacen\u00ed l\u00e1tky. U vysok\u00fdch matrac\u00ed vyb\u00edrejte prost\u011bradla s dostate\u010dnou hloubkou roh\u016f.<br><\/li>\n\n\n\n<li><strong>Materi\u00e1l podle pot\u0159eby:<\/strong>\u00a0Materi\u00e1l volte podle sv\u00fdch preferenc\u00ed a ro\u010dn\u00edho obdob\u00ed. Nap\u0159\u00edklad h\u0159ejiv\u00e9\u00a0<strong>frot\u00e9 prost\u011bradlo<\/strong>\u00a0ocen\u00ed zimom\u0159iv\u00ed sp\u00e1\u010di v zim\u011b, zat\u00edmco lehk\u00fd\u00a0<strong>jersey<\/strong>\u00a0uv\u00edt\u00e1te v l\u00e9t\u011b pro jeho prody\u0161nost. Pokud tou\u017e\u00edte po hebk\u00e9m luxusu, zva\u017ete sat\u00e9n, pro ka\u017edodenn\u00ed pohodl\u00ed zase klasickou bavlnu nebo jej\u00ed \u00fapravy (jersey\/frot\u00e9).<br><\/li>\n\n\n\n<li><strong>Gram\u00e1\u017e a kvalita tkaniny:<\/strong>\u00a0Plo\u0161n\u00e1 hmotnost neboli gram\u00e1\u017e ud\u00e1v\u00e1 s\u00edlu materi\u00e1lu. Obecn\u011b plat\u00ed, \u017ee \u010d\u00edm vy\u0161\u0161\u00ed gram\u00e1\u017e, t\u00edm pevn\u011bj\u0161\u00ed a trvanliv\u011bj\u0161\u00ed tkanina. U kvalitn\u011bj\u0161\u00edch prost\u011bradel (nap\u0159. frot\u00e9) by gram\u00e1\u017e m\u011bla b\u00fdt alespo\u0148 kolem 180 g\/m\u00b2 a v\u00edce. Vy\u0161\u0161\u00ed gram\u00e1\u017e zpravidla znamen\u00e1, \u017ee prost\u011bradlo l\u00e9pe odol\u00e1 opot\u0159eben\u00ed a vydr\u017e\u00ed d\u00e9le.<br><\/li>\n\n\n\n<li><strong>Guma a zpracov\u00e1n\u00ed okraj\u016f:<\/strong>\u00a0U nap\u00ednac\u00edch prost\u011bradel si v\u0161\u00edmejte kvality gumy v tun\u00fdlku.\u00a0<strong>Pevn\u00e1 a \u0161irok\u00e1 guma<\/strong>\u00a0zajist\u00ed, \u017ee prost\u011bradlo dob\u0159e dr\u017e\u00ed na matraci a neza\u010dne po p\u00e1r pou\u017eit\u00edch klouzat. Naopak nekvalitn\u00ed tenk\u00e1 guma se m\u016f\u017ee rychle vytahat \u2013 pru\u017enost by nem\u011bla ztratit ani po n\u011bkolika pran\u00edch. Pokud by se p\u0159ece jen opot\u0159ebovala, ocen\u00edte mo\u017enost gumu snadno vym\u011bnit.<br><\/li>\n\n\n\n<li><strong>Snadn\u00e1 \u00fadr\u017eba:<\/strong>\u00a0Sledujte tak\u00e9 doporu\u010denou \u00fadr\u017ebu v\u00fdrobku. N\u011bkter\u00e9 materi\u00e1ly (hladk\u00e1 bavlna, frot\u00e9) snesou pran\u00ed a\u017e na 60 \u00b0C, co\u017e pom\u00e1h\u00e1 likvidovat bakterie a rozto\u010de, jin\u00e9 jemn\u011bj\u0161\u00ed tkaniny vy\u017eaduj\u00ed \u0161etrn\u011bj\u0161\u00ed pran\u00ed. Sv\u011btl\u00e9 barvy prost\u011bradel lze obvykle pr\u00e1t s b\u011blidlem, u syt\u00fdch odst\u00edn\u016f zase ocen\u00edte st\u00e1lobarevnost p\u0159i pran\u00ed. Pokud v\u00edte, \u017ee nechcete tr\u00e1vit \u010das \u017eehlen\u00edm, zvolte\u00a0<strong>nemu\u010div\u00fd<\/strong>\u00a0materi\u00e1l \u2013 nap\u0159\u00edklad jersey nebo frot\u00e9 se nemus\u00ed \u017eehlit a u\u0161et\u0159\u00ed v\u00e1m pr\u00e1ci.<br><br><\/li>\n<\/ul>\n\n\n\n<p>Spr\u00e1vn\u011b zvolen\u00e9 kvalitn\u00ed prost\u011bradlo v\u00e1m zajist\u00ed pohodln\u00fd sp\u00e1nek a dlouhou \u017eivotnost. Vyplat\u00ed se proto v\u011bnovat v\u00fdb\u011bru pozornost \u2013 va\u0161e postel se v\u00e1m odm\u011bn\u00ed vy\u0161\u0161\u00edm komfortem a m\u00e9n\u011b starostmi s \u010dastou v\u00fdm\u011bnou lo\u017en\u00edho pr\u00e1dla. Pokud si st\u00e1le nev\u00edte rady nebo hled\u00e1te konkr\u00e9tn\u00ed doporu\u010den\u00ed, inspirujte se v \u010dl\u00e1nku&nbsp;<em>10 tip\u016f na nejkvalitn\u011bj\u0161\u00ed frot\u00e9 prost\u011bradla<\/em>&nbsp;na webu Kvalitex.cz \u2013 najdete v n\u011bm p\u0159ehled t\u011bch nejobl\u00edben\u011bj\u0161\u00edch a nejprakti\u010dt\u011bj\u0161\u00edch kousk\u016f.<\/p>\n\n\n\n<p><br><\/p>\n","protected":false},"excerpt":{"rendered":"<p>Prost\u011bradlo je \u010dasto opom\u00edjenou sou\u010d\u00e1st\u00ed l\u016f\u017ekovin, p\u0159itom m\u00e1 z\u00e1sadn\u00ed vliv na pohodl\u00ed p\u0159i sp\u00e1nku. Kvalitn\u00ed prost\u011bradla dok\u00e1\u017eou zv\u00fd\u0161it komfort, jsou p\u0159\u00edjemn\u00e1 na dotek a vydr\u017e\u00ed opakovan\u00e9 pran\u00ed bez ztr\u00e1ty tvaru \u010di barvy. Naopak nekvalitn\u00ed prost\u011bradlo se m\u016f\u017ee po p\u00e1r m\u011bs\u00edc\u00edch vytahat a za\u010d\u00edt \u017emolkovat, co\u017e rozhodn\u011b na pohodl\u00ed nep\u0159id\u00e1. V tomto \u010dl\u00e1nku se zam\u011b\u0159\u00edme na [&hellip;]<\/p>\n","protected":false},"author":1,"featured_media":5338,"comment_status":"closed","ping_status":"closed","sticky":false,"template":"","format":"standard","meta":{"_et_pb_use_builder":"off","_et_pb_old_content":"","_et_gb_content_width":"","footnotes":""},"categories":[1],"tags":[],"class_list":["post-5336","post","type-post","status-publish","format-standard","has-post-thumbnail","hentry","category-uncategorized"],"_links":{"self":[{"href":"https:\/\/bilinsko.cz\/wp-json\/wp\/v2\/posts\/5336","targetHints":{"allow":["GET"]}}],"collection":[{"href":"https:\/\/bilinsko.cz\/wp-json\/wp\/v2\/posts"}],"about":[{"href":"https:\/\/bilinsko.cz\/wp-json\/wp\/v2\/types\/post"}],"author":[{"embeddable":true,"href":"https:\/\/bilinsko.cz\/wp-json\/wp\/v2\/users\/1"}],"replies":[{"embeddable":true,"href":"https:\/\/bilinsko.cz\/wp-json\/wp\/v2\/comments?post=5336"}],"version-history":[{"count":3,"href":"https:\/\/bilinsko.cz\/wp-json\/wp\/v2\/posts\/5336\/revisions"}],"predecessor-version":[{"id":5344,"href":"https:\/\/bilinsko.cz\/wp-json\/wp\/v2\/posts\/5336\/revisions\/5344"}],"wp:featuredmedia":[{"embeddable":true,"href":"https:\/\/bilinsko.cz\/wp-json\/wp\/v2\/media\/5338"}],"wp:attachment":[{"href":"https:\/\/bilinsko.cz\/wp-json\/wp\/v2\/media?parent=5336"}],"wp:term":[{"taxonomy":"category","embeddable":true,"href":"https:\/\/bilinsko.cz\/wp-json\/wp\/v2\/categories?post=5336"},{"taxonomy":"post_tag","embeddable":true,"href":"https:\/\/bilinsko.cz\/wp-json\/wp\/v2\/tags?post=5336"}],"curies":[{"name":"wp","href":"https:\/\/api.w.org\/{rel}","templated":true}]}},{"id":5331,"date":"2025-12-29T15:18:34","date_gmt":"2025-12-29T15:18:34","guid":{"rendered":"https:\/\/bilinsko.cz\/?p=5331"},"modified":"2025-12-29T15:18:51","modified_gmt":"2025-12-29T15:18:51","slug":"bilina-zprisnuje-pravidla-nova-vyhlaska-omezuje-pyrotechniku-i-lampiony","status":"publish","type":"post","link":"https:\/\/bilinsko.cz\/bilina-zprisnuje-pravidla-nova-vyhlaska-omezuje-pyrotechniku-i-lampiony\/","title":{"rendered":"B\u00edlina zp\u0159\u00eds\u0148uje pravidla: Nov\u00e1 vyhl\u00e1\u0161ka omezuje pyrotechniku i lampiony"},"content":{"rendered":"\n<p>M\u011bsto B\u00edlina vydalo novou obecn\u011b z\u00e1vaznou vyhl\u00e1\u0161ku, kter\u00e1 s \u00fa\u010dinnost\u00ed od <strong>10. prosince<\/strong> v\u00fdrazn\u011b reguluje pou\u017e\u00edv\u00e1n\u00ed z\u00e1bavn\u00ed pyrotechniky a lampion\u016f \u0161t\u011bst\u00ed. C\u00edlem je zv\u00fd\u0161it bezpe\u010dnost obyvatel, chr\u00e1nit majetek a sn\u00ed\u017eit hlukovou z\u00e1t\u011b\u017e v zastav\u011bn\u00fdch \u010d\u00e1stech m\u011bsta.<\/p>\n\n\n\n<h3 class=\"wp-block-heading\">Co se m\u011bn\u00ed a kde plat\u00ed z\u00e1kaz?<\/h3>\n\n\n\n<p>Pou\u017e\u00edv\u00e1n\u00ed vybran\u00e9 pyrotechniky a lampion\u016f \u0161t\u011bst\u00ed je nyn\u00ed <strong>p\u0159\u00edsn\u011b zak\u00e1z\u00e1no<\/strong>:<\/p>\n\n\n\n<ul class=\"wp-block-list\">\n<li>V cel\u00e9m <strong>zastav\u011bn\u00e9m \u00fazem\u00ed<\/strong> m\u011bsta.<\/li>\n\n\n\n<li>V ochrann\u00e9m p\u00e1smu do <strong>250 metr\u016f od hranice<\/strong> zastav\u011bn\u00e9ho \u00fazem\u00ed.<\/li>\n<\/ul>\n\n\n\n<h3 class=\"wp-block-heading\">Kter\u00e9 kategorie pyrotechniky jsou zak\u00e1z\u00e1ny?<\/h3>\n\n\n\n<p>Z\u00e1kaz se vztahuje na nejb\u011b\u017en\u011bj\u0161\u00ed typy z\u00e1bavn\u00ed pyrotechniky, kter\u00e9 lid\u00e9 \u010dasto odpaluj\u00ed na s\u00eddli\u0161t\u00edch \u010di v ulic\u00edch:<\/p>\n\n\n\n<figure class=\"wp-block-table\"><table class=\"has-fixed-layout\"><thead><tr><td><strong>Kategorie<\/strong><\/td><td><strong>Charakteristika<\/strong><\/td><td><strong>P\u0159\u00edklady<\/strong><\/td><\/tr><\/thead><tbody><tr><td><strong>F2<\/strong><\/td><td>Mal\u00e9 nebezpe\u010d\u00ed (prodej od 18 let)<\/td><td>B\u011b\u017en\u00e9 petardy, rakety, \u0159\u00edmsk\u00e9 sv\u00edce, kompaktn\u00ed baterie.<\/td><\/tr><tr><td><strong>F3<\/strong><\/td><td>St\u0159edn\u00ed nebezpe\u010d\u00ed (prodej od 21 let)<\/td><td>Siln\u011bj\u0161\u00ed petardy, velk\u00e9 rakety a baterie.<\/td><\/tr><tr><td><strong>F4<\/strong><\/td><td>Velk\u00e9 nebezpe\u010d\u00ed (profesion\u00e1ln\u00ed)<\/td><td>Oh\u0148ostroje ur\u010den\u00e9 v\u00fdhradn\u011b pro dr\u017eitele licenc\u00ed.<\/td><\/tr><\/tbody><\/table><\/figure>\n\n\n\n<blockquote class=\"wp-block-quote is-layout-flow wp-block-quote-is-layout-flow\">\n<p><strong>Pozor na lampiony \u0161t\u011bst\u00ed:<\/strong> Z\u00e1kaz plat\u00ed i pro lampiony \u0161t\u011bst\u00ed, kter\u00e9 p\u0159edstavuj\u00ed vysok\u00e9 riziko vzniku po\u017e\u00e1ru.<\/p>\n<\/blockquote>\n\n\n\n<h3 class=\"wp-block-heading\">V\u00fdjimka pro silvestrovsk\u00e9 oslavy<\/h3>\n\n\n\n<p>M\u011bsto ponechalo prostor pro oslavy p\u0159\u00edchodu nov\u00e9ho roku, ov\u0161em ve vymezen\u00e9m \u010dase. Z\u00e1kaz neplat\u00ed pouze v obdob\u00ed:<\/p>\n\n\n\n<ul class=\"wp-block-list\">\n<li><strong>Od 31. prosince (20:00) do 1. ledna (02:00 r\u00e1no).<\/strong><\/li>\n<\/ul>\n\n\n\n<h3 class=\"wp-block-heading\">D\u016fraz na bezpe\u010dnost a sankce<\/h3>\n\n\n\n<p>Radnice apeluje na rodi\u010de, aby pyrotechniku v \u017e\u00e1dn\u00e9m p\u0159\u00edpad\u011b nesv\u011b\u0159ovali d\u011btem. Na dodr\u017eov\u00e1n\u00ed nov\u00e9 vyhl\u00e1\u0161ky bude dohl\u00ed\u017eet <strong>M\u011bstsk\u00e1 policie<\/strong>. V p\u0159\u00edpad\u011b poru\u0161en\u00ed hroz\u00ed vin\u00edk\u016fm postih v souladu s platn\u00fdmi pr\u00e1vn\u00edmi p\u0159edpisy o p\u0159estupc\u00edch.<\/p>\n\n\n\n<p>Bu\u010fme k sob\u011b ohledupln\u00ed, chra\u0148me sv\u00e9 zdrav\u00ed i klid dom\u00e1c\u00edch zv\u00ed\u0159at.<\/p>\n","protected":false},"excerpt":{"rendered":"<p>M\u011bsto B\u00edlina vydalo novou obecn\u011b z\u00e1vaznou vyhl\u00e1\u0161ku, kter\u00e1 s \u00fa\u010dinnost\u00ed od 10. prosince v\u00fdrazn\u011b reguluje pou\u017e\u00edv\u00e1n\u00ed z\u00e1bavn\u00ed pyrotechniky a lampion\u016f \u0161t\u011bst\u00ed. C\u00edlem je zv\u00fd\u0161it bezpe\u010dnost obyvatel, chr\u00e1nit majetek a sn\u00ed\u017eit hlukovou z\u00e1t\u011b\u017e v zastav\u011bn\u00fdch \u010d\u00e1stech m\u011bsta. Co se m\u011bn\u00ed a kde plat\u00ed z\u00e1kaz? Pou\u017e\u00edv\u00e1n\u00ed vybran\u00e9 pyrotechniky a lampion\u016f \u0161t\u011bst\u00ed je nyn\u00ed p\u0159\u00edsn\u011b zak\u00e1z\u00e1no: Kter\u00e9 kategorie [&hellip;]<\/p>\n","protected":false},"author":1,"featured_media":5332,"comment_status":"closed","ping_status":"closed","sticky":false,"template":"","format":"standard","meta":{"_et_pb_use_builder":"off","_et_pb_old_content":"","_et_gb_content_width":"","footnotes":""},"categories":[29,1],"tags":[],"class_list":["post-5331","post","type-post","status-publish","format-standard","has-post-thumbnail","hentry","category-blog","category-uncategorized"],"_links":{"self":[{"href":"https:\/\/bilinsko.cz\/wp-json\/wp\/v2\/posts\/5331","targetHints":{"allow":["GET"]}}],"collection":[{"href":"https:\/\/bilinsko.cz\/wp-json\/wp\/v2\/posts"}],"about":[{"href":"https:\/\/bilinsko.cz\/wp-json\/wp\/v2\/types\/post"}],"author":[{"embeddable":true,"href":"https:\/\/bilinsko.cz\/wp-json\/wp\/v2\/users\/1"}],"replies":[{"embeddable":true,"href":"https:\/\/bilinsko.cz\/wp-json\/wp\/v2\/comments?post=5331"}],"version-history":[{"count":1,"href":"https:\/\/bilinsko.cz\/wp-json\/wp\/v2\/posts\/5331\/revisions"}],"predecessor-version":[{"id":5333,"href":"https:\/\/bilinsko.cz\/wp-json\/wp\/v2\/posts\/5331\/revisions\/5333"}],"wp:featuredmedia":[{"embeddable":true,"href":"https:\/\/bilinsko.cz\/wp-json\/wp\/v2\/media\/5332"}],"wp:attachment":[{"href":"https:\/\/bilinsko.cz\/wp-json\/wp\/v2\/media?parent=5331"}],"wp:term":[{"taxonomy":"category","embeddable":true,"href":"https:\/\/bilinsko.cz\/wp-json\/wp\/v2\/categories?post=5331"},{"taxonomy":"post_tag","embeddable":true,"href":"https:\/\/bilinsko.cz\/wp-json\/wp\/v2\/tags?post=5331"}],"curies":[{"name":"wp","href":"https:\/\/api.w.org\/{rel}","templated":true}]}},{"id":5328,"date":"2025-12-19T15:02:43","date_gmt":"2025-12-19T15:02:43","guid":{"rendered":"https:\/\/bilinsko.cz\/?p=5328"},"modified":"2025-12-29T15:03:49","modified_gmt":"2025-12-29T15:03:49","slug":"myty-a-fakta-o-podlahovem-vytapeni-co-byste-meli-vedet-pred-instalaci","status":"publish","type":"post","link":"https:\/\/bilinsko.cz\/myty-a-fakta-o-podlahovem-vytapeni-co-byste-meli-vedet-pred-instalaci\/","title":{"rendered":"M\u00fdty a fakta o podlahov\u00e9m vyt\u00e1p\u011bn\u00ed: Co byste m\u011bli v\u011bd\u011bt p\u0159ed instalac\u00ed?"},"content":{"rendered":"\n<p>Podlahov\u00e9 vyt\u00e1p\u011bn\u00ed se st\u00e1v\u00e1 nejobl\u00edben\u011bj\u0161\u00ed volbou pro modern\u00ed domovy. P\u0159esto kolem n\u011bj st\u00e1le koluje \u0159ada polopravd \u2013 nap\u0159\u00edklad \u017ee \u0161kod\u00ed noh\u00e1m, nebo \u017ee pod n\u011bj nepat\u0159\u00ed d\u0159ev\u011bn\u00e1 podlaha. Poj\u010fme tyto m\u00fdty uv\u00e9st na pravou m\u00edru a pod\u00edvat se na praktick\u00e9 aspekty provozu, kter\u00e9 rozhoduj\u00ed o va\u0161em pohodl\u00ed.<\/p>\n\n\n\n<h2 class=\"wp-block-heading\">M\u00fdtus \u010d. 1: Podlahov\u00e9 topen\u00ed je nezdrav\u00e9 pro c\u00e9vy<\/h2>\n\n\n\n<p>\u010cast\u00e1 obava, \u017ee p\u0159\u00edli\u0161 tepl\u00e1 podlaha zp\u016fsobuje otoky nohou, poch\u00e1z\u00ed z dob \u0161patn\u011b navr\u017een\u00fdch syst\u00e9m\u016f v minulosti. Dne\u0161n\u00ed normy striktn\u011b omezuj\u00ed maxim\u00e1ln\u00ed povrchovou teplotu podlahy (v obytn\u00fdch m\u00edstnostech se pohybuje kolem <strong>27\u201329 \u00b0C<\/strong>). P\u0159i spr\u00e1vn\u00e9m nastaven\u00ed je teplota podlahy ni\u017e\u0161\u00ed ne\u017e teplota lidsk\u00e9ho t\u011bla, tak\u017ee je pro krevn\u00ed ob\u011bh zcela bezpe\u010dn\u00e1 a pocitov\u011b velmi p\u0159\u00edjemn\u00e1.<\/p>\n\n\n\n<h2 class=\"wp-block-heading\">M\u00fdtus \u010d. 2: D\u0159evo a podlahov\u00e9 topen\u00ed nefunguj\u00ed dohromady<\/h2>\n\n\n\n<p>D\u0159evo je sice izolant, ale to neznamen\u00e1, \u017ee teplo nepropust\u00ed. Kl\u00ed\u010dem je v\u00fdb\u011br spr\u00e1vn\u00e9ho typu. Ide\u00e1ln\u00ed jsou <strong>v\u00edcevrstv\u00e9 d\u0159ev\u011bn\u00e9 podlahy<\/strong>, kter\u00e9 jsou d\u00edky sv\u00e9 konstrukci stabiln\u011bj\u0161\u00ed ne\u017e masiv a l\u00e9pe odol\u00e1vaj\u00ed zm\u011bn\u00e1m teplot a vlhkosti. D\u0159evo nav\u00edc teplo kr\u00e1sn\u011b akumuluje a s\u00e1l\u00e1 ho do m\u00edstnosti postupn\u011b, co\u017e vytv\u00e1\u0159\u00ed velmi \u00fatuln\u00e9 klima.<\/p>\n\n\n\n<h2 class=\"wp-block-heading\">Praktick\u00e9 tipy pro efektivn\u00ed provoz<\/h2>\n\n\n\n<p>Aby v\u00e1m syst\u00e9m slou\u017eil co nejl\u00e9pe a \u00fa\u010dty za energie z\u016fstaly n\u00edzk\u00e9, zam\u011b\u0159te se na tyto body:<\/p>\n\n\n\n<ul class=\"wp-block-list\">\n<li><strong>Nepodce\u0148te regulaci:<\/strong> Podlahov\u00e9 vyt\u00e1p\u011bn\u00ed m\u00e1 vysokou setrva\u010dnost. Trv\u00e1 n\u011bkolik hodin, ne\u017e se nah\u0159eje, ale teplo vyd\u00e1v\u00e1 je\u0161t\u011b dlouho po vypnut\u00ed. Nejefektivn\u011bj\u0161\u00ed je udr\u017eovat konstantn\u00ed teplotu a nevyp\u00ednat topen\u00ed \u00fapln\u011b ani b\u011bhem noci.<\/li>\n\n\n\n<li><strong>Pozor na n\u00e1bytek:<\/strong> Pokud pl\u00e1nujete podlahov\u00e9 topen\u00ed, vyb\u00edrejte n\u00e1bytek na no\u017ei\u010dk\u00e1ch. Sk\u0159\u00edn\u011b \u010di pohovky bez no\u017ei\u010dek p\u0159\u00edmo na podlaze funguj\u00ed jako izolant a br\u00e1n\u00ed teplu prostupovat do m\u00edstnosti.<\/li>\n\n\n\n<li><strong>Vhodn\u00e1 izolace pod syst\u00e9mem:<\/strong> Aby teplo neut\u00edkalo do zem\u011b nebo do stropu pod v\u00e1mi, je nezbytn\u00e1 kvalitn\u00ed tepeln\u00e1 izolace p\u0159\u00edmo pod topn\u00fdmi trubkami \u010di roho\u017eemi.<\/li>\n<\/ul>\n\n\n\n<h2 class=\"wp-block-heading\">Kdy zvolit elektrick\u00e9 a kdy teplovodn\u00ed topen\u00ed?<\/h2>\n\n\n\n<ul class=\"wp-block-list\">\n<li><strong>Teplovodn\u00ed syst\u00e9my<\/strong> jsou kr\u00e1lem novostaveb. Jsou kompatibiln\u00ed s tepeln\u00fdmi \u010derpadly a sol\u00e1rn\u00edmi panely, co\u017e z nich d\u011bl\u00e1 nejekonomi\u010dt\u011bj\u0161\u00ed volbu pro dlouhodob\u00fd provoz.<\/li>\n\n\n\n<li><strong>Elektrick\u00e9 topn\u00e9 roho\u017ee<\/strong> jsou hrdinou rekonstrukc\u00ed. D\u00edky velmi mal\u00e9 tlou\u0161\u0165ce je lze polo\u017eit p\u0159\u00edmo do lepidla pod dla\u017ebu, co\u017e nezv\u00fd\u0161\u00ed podlahu o cenn\u00e9 centimetry. Jsou ide\u00e1ln\u00ed do koupelen pro rychl\u00fd oh\u0159ev.<\/li>\n<\/ul>\n\n\n\n<h3 class=\"wp-block-heading\">Z\u00e1v\u011brem<\/h3>\n\n\n\n<p>Podlahov\u00e9 vyt\u00e1p\u011bn\u00ed nen\u00ed jen o komfortu pro va\u0161e chodidla. Je to investice do zdrav\u011bj\u0161\u00edho prost\u0159ed\u00ed bez v\u00ed\u0159en\u00ed prachu a do syst\u00e9mu, kter\u00fd p\u0159i spr\u00e1vn\u00e9m n\u00e1vrhu zvy\u0161uje hodnotu cel\u00e9 nemovitosti.<\/p>\n\n\n\n<p>Chcete v\u011bd\u011bt, jak\u00e1 je ide\u00e1ln\u00ed teplota podlahy a jak ji spr\u00e1vn\u011b nastavit? P\u0159e\u010dt\u011bte si podrobn\u00fd rozbor v na\u0161em zdrojov\u00e9m \u010dl\u00e1nku: <a target=\"_blank\" rel=\"noreferrer noopener\" href=\"https:\/\/www.ceskapodlaha.cz\/blog\/jak-na-vytapeni-podlahy\">Jak na vyt\u00e1p\u011bn\u00ed podlahy \u2013 rady a tipy<\/a><\/p>\n","protected":false},"excerpt":{"rendered":"<p>Podlahov\u00e9 vyt\u00e1p\u011bn\u00ed se st\u00e1v\u00e1 nejobl\u00edben\u011bj\u0161\u00ed volbou pro modern\u00ed domovy. P\u0159esto kolem n\u011bj st\u00e1le koluje \u0159ada polopravd \u2013 nap\u0159\u00edklad \u017ee \u0161kod\u00ed noh\u00e1m, nebo \u017ee pod n\u011bj nepat\u0159\u00ed d\u0159ev\u011bn\u00e1 podlaha. Poj\u010fme tyto m\u00fdty uv\u00e9st na pravou m\u00edru a pod\u00edvat se na praktick\u00e9 aspekty provozu, kter\u00e9 rozhoduj\u00ed o va\u0161em pohodl\u00ed. M\u00fdtus \u010d. 1: Podlahov\u00e9 topen\u00ed je nezdrav\u00e9 pro [&hellip;]<\/p>\n","protected":false},"author":1,"featured_media":5329,"comment_status":"closed","ping_status":"closed","sticky":false,"template":"","format":"standard","meta":{"_et_pb_use_builder":"off","_et_pb_old_content":"","_et_gb_content_width":"","footnotes":""},"categories":[1],"tags":[],"class_list":["post-5328","post","type-post","status-publish","format-standard","has-post-thumbnail","hentry","category-uncategorized"],"_links":{"self":[{"href":"https:\/\/bilinsko.cz\/wp-json\/wp\/v2\/posts\/5328","targetHints":{"allow":["GET"]}}],"collection":[{"href":"https:\/\/bilinsko.cz\/wp-json\/wp\/v2\/posts"}],"about":[{"href":"https:\/\/bilinsko.cz\/wp-json\/wp\/v2\/types\/post"}],"author":[{"embeddable":true,"href":"https:\/\/bilinsko.cz\/wp-json\/wp\/v2\/users\/1"}],"replies":[{"embeddable":true,"href":"https:\/\/bilinsko.cz\/wp-json\/wp\/v2\/comments?post=5328"}],"version-history":[{"count":1,"href":"https:\/\/bilinsko.cz\/wp-json\/wp\/v2\/posts\/5328\/revisions"}],"predecessor-version":[{"id":5330,"href":"https:\/\/bilinsko.cz\/wp-json\/wp\/v2\/posts\/5328\/revisions\/5330"}],"wp:featuredmedia":[{"embeddable":true,"href":"https:\/\/bilinsko.cz\/wp-json\/wp\/v2\/media\/5329"}],"wp:attachment":[{"href":"https:\/\/bilinsko.cz\/wp-json\/wp\/v2\/media?parent=5328"}],"wp:term":[{"taxonomy":"category","embeddable":true,"href":"https:\/\/bilinsko.cz\/wp-json\/wp\/v2\/categories?post=5328"},{"taxonomy":"post_tag","embeddable":true,"href":"https:\/\/bilinsko.cz\/wp-json\/wp\/v2\/tags?post=5328"}],"curies":[{"name":"wp","href":"https:\/\/api.w.org\/{rel}","templated":true}]}},{"id":5325,"date":"2025-12-18T10:37:21","date_gmt":"2025-12-18T10:37:21","guid":{"rendered":"https:\/\/bilinsko.cz\/?p=5325"},"modified":"2025-12-28T10:38:56","modified_gmt":"2025-12-28T10:38:56","slug":"drazba-nemovitosti-strasak-nebo-cesta-k-novemu-zacatku","status":"publish","type":"post","link":"https:\/\/bilinsko.cz\/drazba-nemovitosti-strasak-nebo-cesta-k-novemu-zacatku\/","title":{"rendered":"Dra\u017eba nemovitosti: Stra\u0161\u00e1k, nebo cesta k nov\u00e9mu za\u010d\u00e1tku?"},"content":{"rendered":"\n<p>Prodej nemovitosti v dra\u017eb\u011b vyvol\u00e1v\u00e1 u v\u011bt\u0161iny lid\u00ed negativn\u00ed emoce. P\u0159edstava, \u017ee st\u0159echa nad hlavou kon\u010d\u00ed v rukou nejvy\u0161\u0161\u00edho p\u0159ihazuj\u00edc\u00edho, je stresuj\u00edc\u00ed. Dra\u017eba v\u0161ak nemus\u00ed b\u00fdt jen bolestiv\u00fdm koncem. Pokud pochop\u00edte, jak tento proces funguje, zjist\u00edte, \u017ee m\u016f\u017ee j\u00edt o transparentn\u00ed zp\u016fsob, jak vy\u0159e\u0161it slo\u017eitou finan\u010dn\u00ed situaci nebo naopak zaj\u00edmav\u011b investovat.<\/p>\n\n\n\n<h2 class=\"wp-block-heading\">Co si p\u0159edstavit pod pojmem dra\u017eba?<\/h2>\n\n\n\n<p>Dra\u017eba je specifick\u00fd druh ve\u0159ejn\u00e9ho prodeje, kde o cen\u011b rozhoduje trh a z\u00e1jemci. Nejedn\u00e1 se o b\u011b\u017en\u00fd inzer\u00e1t na realitn\u00edm port\u00e1lu, ale o proces s p\u0159\u00edsn\u00fdmi pravidly. Existuj\u00ed t\u0159i hlavn\u00ed typy:<\/p>\n\n\n\n<ul class=\"wp-block-list\">\n<li><strong>Exeku\u010dn\u00ed dra\u017eba:<\/strong> Nucen\u00fd prodej kv\u016fli nesplacen\u00fdm dluh\u016fm pod taktovkou exekutora.<\/li>\n\n\n\n<li><strong>Insolven\u010dn\u00ed dra\u017eba:<\/strong> Sou\u010d\u00e1st oddlu\u017een\u00ed, kdy majetek prod\u00e1v\u00e1 insolven\u010dn\u00ed spr\u00e1vce.<\/li>\n\n\n\n<li><strong>Dobrovoln\u00e1 dra\u017eba:<\/strong> Vlastn\u00edk se s\u00e1m rozhodne prodat nemovitost touto cestou, aby v sout\u011b\u017ei z\u00e1jemc\u016f dos\u00e1hl co nejvy\u0161\u0161\u00ed ceny.<\/li>\n<\/ul>\n\n\n\n<h2 class=\"wp-block-heading\">Jak prob\u00edh\u00e1 proces prodeje?<\/h2>\n\n\n\n<p>V\u0161e za\u010d\u00edn\u00e1 <strong>znaleck\u00fdm posudkem<\/strong>, kter\u00fd ur\u010d\u00ed obvyklou cenu. Na jeho z\u00e1klad\u011b se stanov\u00ed tzv. <strong>nejni\u017e\u0161\u00ed pod\u00e1n\u00ed<\/strong> (vyvol\u00e1vac\u00ed cena). Informace o nemovitosti, term\u00ednu a pravidlech najdete v <strong>dra\u017eebn\u00ed vyhl\u00e1\u0161ce<\/strong>.<\/p>\n\n\n\n<p>Z\u00e1jemci mus\u00ed slo\u017eit <strong>dra\u017eebn\u00ed jistotu<\/strong>, co\u017e je vratn\u00e1 kauce, kter\u00e1 potvrzuje jejich v\u00e1\u017en\u00fd z\u00e1jem. Samotn\u00e1 dra\u017eba dnes prob\u00edh\u00e1 nej\u010dast\u011bji online, co\u017e zvy\u0161uje transparentnost a po\u010det \u00fa\u010dastn\u00edk\u016f.<\/p>\n\n\n\n<h2 class=\"wp-block-heading\">Hroz\u00ed v\u00e1m dra\u017eba? Ne\u010dekejte na z\u00e1zrak<\/h2>\n\n\n\n<p>Pokud se nach\u00e1z\u00edte v situaci, kdy v\u00e1m dra\u017eba hroz\u00ed kv\u016fli nespl\u00e1cen\u00ed hypot\u00e9ky nebo jin\u00fdch dluh\u016f, nejd\u016fle\u017eit\u011bj\u0161\u00ed je <strong>komunikace<\/strong>.<\/p>\n\n\n\n<ol start=\"1\" class=\"wp-block-list\">\n<li><strong>Mluvte s v\u011b\u0159iteli:<\/strong> Banky \u010dasto rad\u011bji p\u0159istoup\u00ed na spl\u00e1tkov\u00fd kalend\u00e1\u0159 ne\u017e na zdlouhavou dra\u017ebu.<\/li>\n\n\n\n<li><strong>Zva\u017ete prodej na voln\u00e9m trhu:<\/strong> \u010casto lze nemovitost prodat klasicky za vy\u0161\u0161\u00ed cenu a dluhy tak pohodln\u011bji uhradit.<\/li>\n\n\n\n<li><strong>Hledejte odbornou pomoc:<\/strong> Existuj\u00ed specialist\u00e9, kte\u0159\u00ed dok\u00e1\u017eou proces zastavit a navrhnout \u0159e\u0161en\u00ed, jako je oddlu\u017een\u00ed nebo zp\u011btn\u00fd pron\u00e1jem.<\/li>\n<\/ol>\n\n\n\n<p>V\u00edce o detailech prodeje v dra\u017eb\u011b se do\u010dtete zde: <a target=\"_blank\" rel=\"noreferrer noopener\" href=\"https:\/\/www.brnenskyzvonec.cz\/blog\/prodej-nemovitosti-v-drazbe\">Prodej nemovitosti v dra\u017eb\u011b \u2013 v\u0161e, co pot\u0159ebujete v\u011bd\u011bt<\/a><\/p>\n","protected":false},"excerpt":{"rendered":"<p>Prodej nemovitosti v dra\u017eb\u011b vyvol\u00e1v\u00e1 u v\u011bt\u0161iny lid\u00ed negativn\u00ed emoce. P\u0159edstava, \u017ee st\u0159echa nad hlavou kon\u010d\u00ed v rukou nejvy\u0161\u0161\u00edho p\u0159ihazuj\u00edc\u00edho, je stresuj\u00edc\u00ed. Dra\u017eba v\u0161ak nemus\u00ed b\u00fdt jen bolestiv\u00fdm koncem. Pokud pochop\u00edte, jak tento proces funguje, zjist\u00edte, \u017ee m\u016f\u017ee j\u00edt o transparentn\u00ed zp\u016fsob, jak vy\u0159e\u0161it slo\u017eitou finan\u010dn\u00ed situaci nebo naopak zaj\u00edmav\u011b investovat. Co si p\u0159edstavit pod [&hellip;]<\/p>\n","protected":false},"author":1,"featured_media":5326,"comment_status":"closed","ping_status":"closed","sticky":false,"template":"","format":"standard","meta":{"_et_pb_use_builder":"off","_et_pb_old_content":"","_et_gb_content_width":"","footnotes":""},"categories":[1],"tags":[],"class_list":["post-5325","post","type-post","status-publish","format-standard","has-post-thumbnail","hentry","category-uncategorized"],"_links":{"self":[{"href":"https:\/\/bilinsko.cz\/wp-json\/wp\/v2\/posts\/5325","targetHints":{"allow":["GET"]}}],"collection":[{"href":"https:\/\/bilinsko.cz\/wp-json\/wp\/v2\/posts"}],"about":[{"href":"https:\/\/bilinsko.cz\/wp-json\/wp\/v2\/types\/post"}],"author":[{"embeddable":true,"href":"https:\/\/bilinsko.cz\/wp-json\/wp\/v2\/users\/1"}],"replies":[{"embeddable":true,"href":"https:\/\/bilinsko.cz\/wp-json\/wp\/v2\/comments?post=5325"}],"version-history":[{"count":1,"href":"https:\/\/bilinsko.cz\/wp-json\/wp\/v2\/posts\/5325\/revisions"}],"predecessor-version":[{"id":5327,"href":"https:\/\/bilinsko.cz\/wp-json\/wp\/v2\/posts\/5325\/revisions\/5327"}],"wp:featuredmedia":[{"embeddable":true,"href":"https:\/\/bilinsko.cz\/wp-json\/wp\/v2\/media\/5326"}],"wp:attachment":[{"href":"https:\/\/bilinsko.cz\/wp-json\/wp\/v2\/media?parent=5325"}],"wp:term":[{"taxonomy":"category","embeddable":true,"href":"https:\/\/bilinsko.cz\/wp-json\/wp\/v2\/categories?post=5325"},{"taxonomy":"post_tag","embeddable":true,"href":"https:\/\/bilinsko.cz\/wp-json\/wp\/v2\/tags?post=5325"}],"curies":[{"name":"wp","href":"https:\/\/api.w.org\/{rel}","templated":true}]}},{"id":5322,"date":"2025-12-17T09:59:58","date_gmt":"2025-12-17T09:59:58","guid":{"rendered":"https:\/\/bilinsko.cz\/?p=5322"},"modified":"2025-12-28T10:08:20","modified_gmt":"2025-12-28T10:08:20","slug":"pruvodce-vyberem-airsoftoveho-tlumice-na-co-si-dat-pozor-pri-nakupu","status":"publish","type":"post","link":"https:\/\/bilinsko.cz\/pruvodce-vyberem-airsoftoveho-tlumice-na-co-si-dat-pozor-pri-nakupu\/","title":{"rendered":"Pr\u016fvodce v\u00fdb\u011brem airsoftov\u00e9ho tlumi\u010de: Na co si d\u00e1t pozor p\u0159i n\u00e1kupu?"},"content":{"rendered":"\n<p>Po\u0159\u00edzen\u00ed tlumi\u010de je pro mnoho hr\u00e1\u010d\u016f airsoftu prvn\u00edm krokem k vylep\u0161en\u00ed vzhledu i v\u00fdkonu jejich zbran\u011b. V\u00fdb\u011br spr\u00e1vn\u00e9ho modelu ale nen\u00ed jen o tom, co se v\u00e1m l\u00edb\u00ed na obr\u00e1zku. Existuje n\u011bkolik technick\u00fdch aspekt\u016f, kter\u00e9 mus\u00edte zv\u00e1\u017eit, aby tlumi\u010d na va\u0161i zbra\u0148 pasoval a plnil svou funkci.<\/p>\n\n\n\n<h2 class=\"wp-block-heading\">1. Kompatibilita z\u00e1vitu: Kl\u00ed\u010dov\u00fd parametr<\/h2>\n\n\n\n<p>Nejd\u016fle\u017eit\u011bj\u0161\u00edm technick\u00fdm \u00fadajem je typ z\u00e1vitu na \u00fast\u00ed hlavn\u011b va\u0161\u00ed zbran\u011b. V airsoftu se nej\u010dast\u011bji setk\u00e1te se dv\u011bma typy:<\/p>\n\n\n\n<ul class=\"wp-block-list\">\n<li><strong>14mm levoto\u010div\u00fd (CCW):<\/strong> Standard pro v\u011bt\u0161inu dlouh\u00fdch elektrick\u00fdch zbran\u00ed (AEG). Povoluje se po sm\u011bru hodinov\u00fdch ru\u010di\u010dek, utahuje se proti n\u011bmu.<\/li>\n\n\n\n<li><strong>14mm pravoto\u010div\u00fd (CW):<\/strong> M\u00e9n\u011b \u010dast\u00fd, vyskytuje se u n\u011bkter\u00fdch specifick\u00fdch model\u016f.<\/li>\n\n\n\n<li><strong>Atypick\u00e9 z\u00e1vity:<\/strong> Zejm\u00e9na pistole maj\u00ed \u010dasto vnit\u0159n\u00ed z\u00e1vity (nap\u0159. 11mm). V takov\u00e9m p\u0159\u00edpad\u011b je nutn\u00e9 dokoupit <strong>adapt\u00e9r<\/strong>, kter\u00fd p\u0159ech\u00e1z\u00ed na standardn\u00edch 14mm CCW.<\/li>\n<\/ul>\n\n\n\n<h2 class=\"wp-block-heading\">2. D\u00e9lka a pr\u016fm\u011br: Estetika vs. Man\u00e9vrovatelnost<\/h2>\n\n\n\n<p>P\u0159i v\u00fdb\u011bru rozm\u011br\u016f myslete na to, jak\u00fdm stylem hrajete.<\/p>\n\n\n\n<ul class=\"wp-block-list\">\n<li><strong>Kr\u00e1tk\u00e9 tlumi\u010de (Stubby):<\/strong> Ide\u00e1ln\u00ed pro CQB (boj v budov\u00e1ch). Zbra\u0148 z\u016fst\u00e1v\u00e1 kompaktn\u00ed, ale z\u00edsk\u00e1te prostor pro zm\u011bnu barvy zvuku nebo schov\u00e1n\u00ed kr\u00e1tk\u00e9ho p\u0159esahu vnit\u0159n\u00ed hlavn\u011b.<\/li>\n\n\n\n<li><strong>Dlouh\u00e9 tlumi\u010de:<\/strong> Vhodn\u00e9 pro snipery a DMR konfigurace. Nab\u00edzej\u00ed nejv\u011bt\u0161\u00ed prostor pro tlumic\u00ed vlo\u017eky nebo pro instalaci velmi dlouh\u00e9 vnit\u0159n\u00ed hlavn\u011b, kter\u00e1 zvy\u0161uje p\u0159esnost na d\u00e1lku.<\/li>\n<\/ul>\n\n\n\n<h2 class=\"wp-block-heading\">3. Materi\u00e1l a vnit\u0159n\u00ed konstrukce<\/h2>\n\n\n\n<p>V\u011bt\u0161ina kvalitn\u00edch tlumi\u010d\u016f je vyrobena z <strong>lehk\u00e9 hlin\u00edkov\u00e9 slitiny<\/strong>, kter\u00e1 nezat\u011b\u017euje zbyte\u010dn\u011b p\u0159edn\u00ed \u010d\u00e1st zbran\u011b. Uvnit\u0159 tlumi\u010de se pak nach\u00e1zej\u00ed:<\/p>\n\n\n\n<ul class=\"wp-block-list\">\n<li><strong>Tlumic\u00ed vlo\u017eky (p\u011bnov\u00e9 krou\u017eky):<\/strong> Ty re\u00e1ln\u011b pom\u00e1haj\u00ed t\u0159\u00ed\u0161tit zvukov\u00e9 vlny, co\u017e ocen\u00ed zejm\u00e9na majitel\u00e9 plynov\u00fdch a manu\u00e1ln\u00edch zbran\u00ed.<\/li>\n\n\n\n<li><strong>Vnit\u0159n\u00ed pru\u017eina:<\/strong> Dr\u017e\u00ed p\u011bnov\u00e9 krou\u017eky na m\u00edst\u011b, aby nezasahovaly do dr\u00e1hy kuli\u010dky.<\/li>\n<\/ul>\n\n\n\n<h2 class=\"wp-block-heading\">4. Tlumi\u010d jako &#8222;Tracer&#8220; (Nasv\u011btlovac\u00ed modul)<\/h2>\n\n\n\n<p>Modern\u00edm trendem jsou tlumi\u010de, kter\u00e9 uvnit\u0159 nemaj\u00ed p\u011bnu, ale elektroniku. Tato za\u0159\u00edzen\u00ed nasv\u011btluj\u00ed speci\u00e1ln\u00ed fluorescen\u010dn\u00ed kuli\u010dky, kter\u00e9 pak v \u0161eru nebo v noci vytv\u00e1\u0159ej\u00ed efekt stopovky. Pokud \u010dasto hrajete no\u010dn\u00ed hry, je tato varianta &#8222;2 v 1&#8220; nejlep\u0161\u00edm \u0159e\u0161en\u00edm.<\/p>\n\n\n\n<h2 class=\"wp-block-heading\">5. Jak na spr\u00e1vnou instalaci?<\/h2>\n\n\n\n<p>P\u0159i \u0161roubov\u00e1n\u00ed tlumi\u010de bu\u010fte opatrn\u00ed na z\u00e1vit, zejm\u00e9na pokud je t\u011blo zbran\u011b z plastu. Tlumi\u010d by m\u011bl pevn\u011b sed\u011bt, ale nem\u011bl by b\u00fdt dota\u017een &#8222;na krev&#8220;. Pokud pou\u017e\u00edv\u00e1te tlumi\u010d ke skryt\u00ed vnit\u0159n\u00ed hlavn\u011b, ujist\u011bte se, \u017ee je hlave\u0148 v tlumi\u010di vycentrovan\u00e1 \u2013 jinak hroz\u00ed, \u017ee kuli\u010dka bude nar\u00e1\u017eet do vnit\u0159n\u00ed hrany tlumi\u010de, co\u017e rozbije p\u0159esnost.<\/p>\n\n\n\n<h3 class=\"wp-block-heading\">Shrnut\u00ed: Pro\u010d si po\u0159\u00eddit tlumi\u010d?<\/h3>\n\n\n\n<ul class=\"wp-block-list\">\n<li><strong>Realistick\u00fd vzhled<\/strong> va\u0161\u00ed sestavy.<\/li>\n\n\n\n<li><strong>Ochrana del\u0161\u00ed vnit\u0159n\u00ed hlavn\u011b<\/strong> p\u0159ed po\u0161kozen\u00edm.<\/li>\n\n\n\n<li><strong>Zm\u011bna akustiky<\/strong> v\u00fdst\u0159elu pro zmaten\u00ed soupe\u0159e.<\/li>\n\n\n\n<li><strong>Mo\u017enost nasv\u011btlov\u00e1n\u00ed<\/strong> kuli\u010dek pro no\u010dn\u00ed akce.<\/li>\n<\/ul>\n\n\n\n<p>V\u00edce podrobnost\u00ed o tom, zda m\u00e1 tlumi\u010d na va\u0161\u00ed zbrani smysl, najdete v tomto \u010dl\u00e1nku: <a target=\"_blank\" rel=\"noreferrer noopener\" href=\"https:\/\/www.armymarket.cz\/blog\/tlumic-na-airsoft-zbran-ma-to-smysl\">Tlumi\u010d na airsoft zbra\u0148 \u2013 m\u00e1 to smysl?<\/a><\/p>\n","protected":false},"excerpt":{"rendered":"<p>Po\u0159\u00edzen\u00ed tlumi\u010de je pro mnoho hr\u00e1\u010d\u016f airsoftu prvn\u00edm krokem k vylep\u0161en\u00ed vzhledu i v\u00fdkonu jejich zbran\u011b. V\u00fdb\u011br spr\u00e1vn\u00e9ho modelu ale nen\u00ed jen o tom, co se v\u00e1m l\u00edb\u00ed na obr\u00e1zku. Existuje n\u011bkolik technick\u00fdch aspekt\u016f, kter\u00e9 mus\u00edte zv\u00e1\u017eit, aby tlumi\u010d na va\u0161i zbra\u0148 pasoval a plnil svou funkci. 1. Kompatibilita z\u00e1vitu: Kl\u00ed\u010dov\u00fd parametr Nejd\u016fle\u017eit\u011bj\u0161\u00edm technick\u00fdm \u00fadajem [&hellip;]<\/p>\n","protected":false},"author":1,"featured_media":5323,"comment_status":"closed","ping_status":"closed","sticky":false,"template":"","format":"standard","meta":{"_et_pb_use_builder":"off","_et_pb_old_content":"","_et_gb_content_width":"","footnotes":""},"categories":[1],"tags":[],"class_list":["post-5322","post","type-post","status-publish","format-standard","has-post-thumbnail","hentry","category-uncategorized"],"_links":{"self":[{"href":"https:\/\/bilinsko.cz\/wp-json\/wp\/v2\/posts\/5322","targetHints":{"allow":["GET"]}}],"collection":[{"href":"https:\/\/bilinsko.cz\/wp-json\/wp\/v2\/posts"}],"about":[{"href":"https:\/\/bilinsko.cz\/wp-json\/wp\/v2\/types\/post"}],"author":[{"embeddable":true,"href":"https:\/\/bilinsko.cz\/wp-json\/wp\/v2\/users\/1"}],"replies":[{"embeddable":true,"href":"https:\/\/bilinsko.cz\/wp-json\/wp\/v2\/comments?post=5322"}],"version-history":[{"count":1,"href":"https:\/\/bilinsko.cz\/wp-json\/wp\/v2\/posts\/5322\/revisions"}],"predecessor-version":[{"id":5324,"href":"https:\/\/bilinsko.cz\/wp-json\/wp\/v2\/posts\/5322\/revisions\/5324"}],"wp:featuredmedia":[{"embeddable":true,"href":"https:\/\/bilinsko.cz\/wp-json\/wp\/v2\/media\/5323"}],"wp:attachment":[{"href":"https:\/\/bilinsko.cz\/wp-json\/wp\/v2\/media?parent=5322"}],"wp:term":[{"taxonomy":"category","embeddable":true,"href":"https:\/\/bilinsko.cz\/wp-json\/wp\/v2\/categories?post=5322"},{"taxonomy":"post_tag","embeddable":true,"href":"https:\/\/bilinsko.cz\/wp-json\/wp\/v2\/tags?post=5322"}],"curies":[{"name":"wp","href":"https:\/\/api.w.org\/{rel}","templated":true}]}},{"id":5319,"date":"2025-12-09T18:37:15","date_gmt":"2025-12-09T18:37:15","guid":{"rendered":"https:\/\/bilinsko.cz\/?p=5319"},"modified":"2025-12-25T18:46:16","modified_gmt":"2025-12-25T18:46:16","slug":"strategicky-pruvodce-prodejem-firmy-od-pripravy-az-po-podpis-smlouvy","status":"publish","type":"post","link":"https:\/\/bilinsko.cz\/strategicky-pruvodce-prodejem-firmy-od-pripravy-az-po-podpis-smlouvy\/","title":{"rendered":"Strategick\u00fd pr\u016fvodce prodejem firmy: Od p\u0159\u00edpravy a\u017e po podpis smlouvy"},"content":{"rendered":"\n<p>Prodej \u00fasp\u011b\u0161n\u011b vybudovan\u00e9 spole\u010dnosti je pro ka\u017ed\u00e9ho majitele jedn\u00edm z nejd\u016fle\u017eit\u011bj\u0161\u00edch \u017eivotn\u00edch i podnikatelsk\u00fdch rozhodnut\u00ed. A\u0165 u\u017e je d\u016fvodem odchod do d\u016fchodu, \u00fanava z managementu nebo touha za\u010d\u00edt nov\u00fd projekt, proces prodeje vy\u017eaduje precizn\u00ed p\u0159\u00edpravu, trp\u011blivost a jasnou strategii.<\/p>\n\n\n\n<p>V tomto \u010dl\u00e1nku v\u00e1s provedeme kl\u00ed\u010dov\u00fdmi kroky, kter\u00e9 vedou k \u00fasp\u011b\u0161n\u00e9mu uzav\u0159en\u00ed transakce a maximalizaci hodnoty va\u0161\u00ed firmy.<\/p>\n\n\n\n<h2 class=\"wp-block-heading\">1. Definujte sv\u00e9 c\u00edle a motivaci<\/h2>\n\n\n\n<p>Ne\u017e ud\u011bl\u00e1te prvn\u00ed krok sm\u011brem k trhu, ujasn\u011bte si, \u010deho chcete prodejem dos\u00e1hnout. Odpov\u011bzte si na ot\u00e1zky:<\/p>\n\n\n\n<ul class=\"wp-block-list\">\n<li>Chci prodat 100% pod\u00edl, nebo si ponechat vliv?<\/li>\n\n\n\n<li>Je pro m\u011b prioritou nejvy\u0161\u0161\u00ed cena, nebo zachov\u00e1n\u00ed firemn\u00ed kultury a pracovn\u00edch m\u00edst?<\/li>\n\n\n\n<li>Hled\u00e1m strategick\u00e9ho partnera z oboru, nebo finan\u010dn\u00edho investora?<\/li>\n\n\n\n<li>Jsem ochoten ve firm\u011b je\u0161t\u011b n\u011bjakou dobu p\u016fsobit jako poradce?<\/li>\n<\/ul>\n\n\n\n<h2 class=\"wp-block-heading\">2. P\u0159\u00edprava firmy na prodej (Exit Readiness)<\/h2>\n\n\n\n<p>Investo\u0159i nekupuj\u00ed pouze minulost, ale p\u0159edev\u0161\u00edm budouc\u00ed potenci\u00e1l a stabilitu. Firma p\u0159ipraven\u00e1 k prodeji by m\u011bla spl\u0148ovat n\u011bkolik parametr\u016f:<\/p>\n\n\n\n<ul class=\"wp-block-list\">\n<li><strong>Nez\u00e1vislost na majiteli:<\/strong> Pokud firma stoj\u00ed a pad\u00e1 s va\u0161\u00edm osobn\u00edm nasazen\u00edm a kontakty, jej\u00ed hodnota kles\u00e1. Delegujte pravomoci na management a nastavte procesy tak, aby firma fungovala i bez v\u00e1s.<\/li>\n\n\n\n<li><strong>Po\u0159\u00e1dek v dokumentaci:<\/strong> Sjedno\u0165te ve\u0161ker\u00e9 smlouvy (pracovn\u00ed, n\u00e1jemn\u00ed, dodavatelsk\u00e9) a ujist\u011bte se, \u017ee jsou pr\u00e1vn\u011b v po\u0159\u00e1dku.<\/li>\n\n\n\n<li><strong>Transparentn\u00ed finance:<\/strong> P\u0159ipravte si detailn\u00ed finan\u010dn\u00ed v\u00fdkazy za posledn\u00ed 3 roky a realistick\u00fd business pl\u00e1n na roky p\u0159\u00ed\u0161t\u00ed. Identifikujte a odd\u011blte osobn\u00ed n\u00e1klady majitele od n\u00e1klad\u016f firmy.<\/li>\n<\/ul>\n\n\n\n<h2 class=\"wp-block-heading\">3. Identifikace siln\u00fdch a slab\u00fdch m\u00edst<\/h2>\n\n\n\n<p>Prove\u010fte si vlastn\u00ed \u201ep\u0159edprodejn\u00ed prov\u011brku\u201c. Zjist\u011bte, co je va\u0161\u00edm nejv\u011bt\u0161\u00edm aktivem (know-how, unik\u00e1tn\u00ed produkt, loaj\u00e1ln\u00ed z\u00e1kazn\u00edci) a kde m\u00e1te slabiny (nedo\u0159e\u0161en\u00e9 soudn\u00ed spory, zastaral\u00e9 technologie). V\u010dasn\u00e9 \u0159e\u0161en\u00ed probl\u00e9m\u016f m\u016f\u017ee v\u00fdrazn\u011b zv\u00fd\u0161it prodejn\u00ed cenu.<br><\/p>\n\n\n\n<blockquote class=\"wp-block-quote is-layout-flow wp-block-quote-is-layout-flow\">\n<p><strong>Tip:<\/strong> Proces prodeje je komplexn\u00ed discipl\u00edna. Pro zaji\u0161t\u011bn\u00ed hladk\u00e9ho pr\u016fb\u011bhu transakce je dobr\u00e9 spolupracovat se specialisty na <a href=\"https:\/\/www.arfin.cz\/prodej-firem\" target=\"_blank\" rel=\"noreferrer noopener\">prodej firem<\/a>.<\/p>\n<\/blockquote>\n\n\n\n<h2 class=\"wp-block-heading\">4. Ocen\u011bn\u00ed spole\u010dnosti a stanoven\u00ed strategie<\/h2>\n\n\n\n<p>Stanoven\u00ed ceny je kombinac\u00ed matematiky a tr\u017en\u00ed reality. Nej\u010dast\u011bji se vyu\u017e\u00edvaj\u00ed metody zalo\u017een\u00e9 na n\u00e1sobc\u00edch zisku (<strong>EBITDA<\/strong>) nebo diskontovan\u00fdch pen\u011b\u017en\u00edch toc\u00edch (<strong>DCF<\/strong>). Je vhodn\u00e9 konzultovat ocen\u011bn\u00ed s nez\u00e1visl\u00fdmi odborn\u00edky, kte\u0159\u00ed maj\u00ed p\u0159ehled o aktu\u00e1ln\u00edm d\u011bn\u00ed na trhu f\u00faz\u00ed a akvizic.<\/p>\n\n\n\n<h2 class=\"wp-block-heading\">5. Pr\u016fb\u011bh prodejn\u00edho procesu<\/h2>\n\n\n\n<p>Samotn\u00e1 transakce se obvykle d\u011bl\u00ed do n\u011bkolika f\u00e1z\u00ed:<\/p>\n\n\n\n<ol start=\"1\" class=\"wp-block-list\">\n<li><strong>Osloven\u00ed z\u00e1jemc\u016f:<\/strong> Vytvo\u0159en\u00ed anonymn\u00edho profilu (Teaseru) a n\u00e1sledn\u011b detailn\u00edho informa\u010dn\u00edho memoranda pro v\u00e1\u017en\u00e9 z\u00e1jemce, kte\u0159\u00ed podepsali dohodu o ml\u010denlivosti (NDA).<\/li>\n\n\n\n<li><strong>Due Diligence (Hloubkov\u00e1 prov\u011brka):<\/strong> Kupuj\u00edc\u00ed podrobn\u011b zkoum\u00e1 finan\u010dn\u00ed, pr\u00e1vn\u00ed a technick\u00fd stav firmy. P\u0159ipravte se na stovky dotaz\u016f \u2013 transparentnost v t\u00e9to f\u00e1zi buduje d\u016fv\u011bru.<\/li>\n\n\n\n<li><strong>Vyjedn\u00e1v\u00e1n\u00ed a uzav\u0159en\u00ed:<\/strong> Dohoda o kupn\u00ed cen\u011b, z\u00e1ruk\u00e1ch a podm\u00ednk\u00e1ch v\u00fdplaty (nap\u0159. earn-out \u2013 doplatek z\u00e1visl\u00fd na budouc\u00edch v\u00fdsledc\u00edch).<\/li>\n<\/ol>\n\n\n\n<h2 class=\"wp-block-heading\">6. Da\u0148ov\u00e9 a pr\u00e1vn\u00ed aspekty<\/h2>\n\n\n\n<p>Prodej pod\u00edlu s sebou nese da\u0148ov\u00e9 povinnosti. V \u010cesk\u00e9 republice existuj\u00ed podm\u00ednky pro osvobozen\u00ed p\u0159\u00edjmu z prodeje pod\u00edlu od dan\u011b (tzv. \u010dasov\u00fd test), kter\u00e9 se li\u0161\u00ed podle toho, zda jste fyzick\u00e1 nebo pr\u00e1vnick\u00e1 osoba. P\u0159ed podpisem smlouvy v\u017edy konzultujte transakci s da\u0148ov\u00fdm poradcem, abyste se vyhnuli zbyte\u010dn\u00fdm n\u00e1klad\u016fm.<\/p>\n\n\n\n<hr class=\"wp-block-separator has-alpha-channel-opacity\"\/>\n\n\n\n<h3 class=\"wp-block-heading\">Z\u00e1v\u011br<\/h3>\n\n\n\n<p>Prodej firmy nen\u00ed sprint, ale maraton, kter\u00fd trv\u00e1 pr\u016fm\u011brn\u011b 6 a\u017e 12 m\u011bs\u00edc\u016f. Kl\u00ed\u010dem k \u00fasp\u011bchu je neusp\u011bchat p\u0159\u00edpravu a obklopit se t\u00fdmem zku\u0161en\u00fdch poradc\u016f (pr\u00e1vn\u00edk\u016f, da\u0148ov\u00fdch expert\u016f a specialist\u016f na akvizice), kte\u0159\u00ed v\u00e1s ochr\u00e1n\u00ed p\u0159ed riziky a pomohou v\u00e1m zhodnotit roky va\u0161\u00ed tvrd\u00e9 pr\u00e1ce.<\/p>\n","protected":false},"excerpt":{"rendered":"<p>Prodej \u00fasp\u011b\u0161n\u011b vybudovan\u00e9 spole\u010dnosti je pro ka\u017ed\u00e9ho majitele jedn\u00edm z nejd\u016fle\u017eit\u011bj\u0161\u00edch \u017eivotn\u00edch i podnikatelsk\u00fdch rozhodnut\u00ed. A\u0165 u\u017e je d\u016fvodem odchod do d\u016fchodu, \u00fanava z managementu nebo touha za\u010d\u00edt nov\u00fd projekt, proces prodeje vy\u017eaduje precizn\u00ed p\u0159\u00edpravu, trp\u011blivost a jasnou strategii. V tomto \u010dl\u00e1nku v\u00e1s provedeme kl\u00ed\u010dov\u00fdmi kroky, kter\u00e9 vedou k \u00fasp\u011b\u0161n\u00e9mu uzav\u0159en\u00ed transakce a maximalizaci hodnoty [&hellip;]<\/p>\n","protected":false},"author":1,"featured_media":5320,"comment_status":"closed","ping_status":"closed","sticky":false,"template":"","format":"standard","meta":{"_et_pb_use_builder":"off","_et_pb_old_content":"","_et_gb_content_width":"","footnotes":""},"categories":[29],"tags":[],"class_list":["post-5319","post","type-post","status-publish","format-standard","has-post-thumbnail","hentry","category-blog"],"_links":{"self":[{"href":"https:\/\/bilinsko.cz\/wp-json\/wp\/v2\/posts\/5319","targetHints":{"allow":["GET"]}}],"collection":[{"href":"https:\/\/bilinsko.cz\/wp-json\/wp\/v2\/posts"}],"about":[{"href":"https:\/\/bilinsko.cz\/wp-json\/wp\/v2\/types\/post"}],"author":[{"embeddable":true,"href":"https:\/\/bilinsko.cz\/wp-json\/wp\/v2\/users\/1"}],"replies":[{"embeddable":true,"href":"https:\/\/bilinsko.cz\/wp-json\/wp\/v2\/comments?post=5319"}],"version-history":[{"count":1,"href":"https:\/\/bilinsko.cz\/wp-json\/wp\/v2\/posts\/5319\/revisions"}],"predecessor-version":[{"id":5321,"href":"https:\/\/bilinsko.cz\/wp-json\/wp\/v2\/posts\/5319\/revisions\/5321"}],"wp:featuredmedia":[{"embeddable":true,"href":"https:\/\/bilinsko.cz\/wp-json\/wp\/v2\/media\/5320"}],"wp:attachment":[{"href":"https:\/\/bilinsko.cz\/wp-json\/wp\/v2\/media?parent=5319"}],"wp:term":[{"taxonomy":"category","embeddable":true,"href":"https:\/\/bilinsko.cz\/wp-json\/wp\/v2\/categories?post=5319"},{"taxonomy":"post_tag","embeddable":true,"href":"https:\/\/bilinsko.cz\/wp-json\/wp\/v2\/tags?post=5319"}],"curies":[{"name":"wp","href":"https:\/\/api.w.org\/{rel}","templated":true}]}},{"id":5310,"date":"2025-11-20T18:11:40","date_gmt":"2025-11-20T18:11:40","guid":{"rendered":"https:\/\/bilinsko.cz\/?p=5310"},"modified":"2025-11-30T18:29:12","modified_gmt":"2025-11-30T18:29:12","slug":"brusleni-v-usteckem-kraji-idealni-trasy-a-destinace-pro-rodiny-s-detmi","status":"publish","type":"post","link":"https:\/\/bilinsko.cz\/brusleni-v-usteckem-kraji-idealni-trasy-a-destinace-pro-rodiny-s-detmi\/","title":{"rendered":"Bruslen\u00ed v \u00dasteck\u00e9m kraji: Ide\u00e1ln\u00ed trasy a destinace pro rodiny s d\u011btmi"},"content":{"rendered":"\n<h1>Bruslen\u00ed v \u00dasteck\u00e9m kraji: Ide\u00e1ln\u00ed trasy a destinace pro rodiny s d\u011btmi<\/h1>\n\n<p>\u00dasteck\u00fd kraj je skv\u011blou destinac\u00ed pro rodiny, kter\u00e9 miluj\u00ed aktivn\u00ed tr\u00e1ven\u00ed voln\u00e9ho \u010dasu. A\u0165 u\u017e jste za\u010d\u00e1te\u010dn\u00edci nebo zku\u0161en\u00ed brusla\u0159i, v tomto regionu najdete spousty atraktivn\u00edch m\u00edst pro in-line bruslen\u00ed. Pop\u00ed\u0161eme v\u00e1m nejlep\u0161\u00ed trasy a tipy, kde se s d\u011btmi a kamar\u00e1dy vydat na kole\u010dkov\u00e9 brusle.<\/p>\n\n<h2>Matylda \u2013 Nejpopul\u00e1rn\u011bj\u0161\u00ed brusla\u0159sk\u00e1 dr\u00e1ha v Most\u011b<\/h2>\n\n<p>Jezero Matylda u Mostu pat\u0159\u00ed dlouhodob\u011b k nejobl\u00edben\u011bj\u0161\u00edm m\u00edst\u016fm pro bruslen\u00ed v kraji. Are\u00e1l je postaven na m\u00edst\u011b rekultivovan\u00e9ho povrchov\u00e9ho dolu a dnes nab\u00edz\u00ed perfektn\u00ed podm\u00ednky pro odpo\u010dinek a sport z\u00e1rove\u0148.<\/p>\n\n<p>\u010cty\u0159kilometrov\u00e1 in-line dr\u00e1ha kolem Matyldy vede po b\u0159ehu vodn\u00ed n\u00e1dr\u017ee a je ide\u00e1ln\u00ed pro rodiny s d\u011btmi v\u0161ech v\u011bkov\u00fdch kategori\u00ed. Dr\u00e1ha je p\u0159ibli\u017en\u011b p\u011bt metr\u016f \u0161irok\u00e1, tak\u017ee se na n\u00ed d\u00e1 jezdit v obou sm\u011brech bez rizika sr\u00e1\u017eky. Trasa je rovn\u00e1 a bezpe\u010dn\u00e1, co\u017e je pr\u00e1v\u011b to, co rodi\u010de oce\u0148uj\u00ed.<\/p>\n\n<p>Cel\u00fd are\u00e1l nab\u00edz\u00ed nav\u00edc daleko v\u00edc ne\u017e jen bruslen\u00ed. Naleznete zde:<\/p>\n<ul>\n<li>Pl\u00e1\u017e a mo\u017enost koup\u00e1n\u00ed<\/li>\n<li>D\u011btsk\u00e9 h\u0159i\u0161t\u011b<\/li>\n<li>Ob\u010derstven\u00ed a soci\u00e1ln\u00ed za\u0159\u00edzen\u00ed<\/li>\n<li>Kemp pro del\u0161\u00ed pobyt<\/li>\n<li>Venkovn\u00ed posilovnu<\/li>\n<\/ul>\n\n<p>Matylda je tedy perfektn\u00edm c\u00edlem, kam se m\u016f\u017ee vydat cel\u00e1 rodina a ka\u017ed\u00fd si zde najde sv\u00e9 \u2013 rodi\u010de si u\u017eij\u00ed bruslen\u00ed, zat\u00edmco d\u011bti se budou bavit na h\u0159i\u0161ti nebo v k\u0159i\u0161\u0165\u00e1lov\u011b \u010dist\u00e9 vod\u011b.<\/p>\n\n<p>Tip: P\u0159ed prvn\u00ed n\u00e1v\u0161t\u011bvou se ujist\u011bte, \u017ee va\u0161i mal\u00e9 brusla\u010de vybav\u00edte kvalitn\u00edmi kole\u010dkov\u00fdmi bruslemi. D\u011btsk\u00e9 brusle od zna\u010dky Mondo Girl, kter\u00e1 je k dispozici v obchod\u011b <a href=\"https:\/\/www.sedco.cz\/detske-koleckove-brusle-mondo-girl\" target=\"_blank\" rel=\"noopener\">SEDCO<\/a>, kombinuj\u00ed bezpe\u010dnost, komfort a stylov\u00fd design. Spr\u00e1vn\u011b zvolen\u00e9 brusle jsou z\u00e1klad \u00fasp\u011bchu ka\u017ed\u00e9ho za\u010d\u00ednaj\u00edc\u00edho brusla\u010de.<\/p>\n\n<h2>Labsk\u00e1 stezka \u2013 Dlouh\u00e1 trasa pro zku\u0161en\u011bj\u0161\u00ed<\/h2>\n\n<p>Pokud pat\u0159\u00edte mezi pokro\u010dilej\u0161\u00ed brusla\u0159e, <a href=\"https:\/\/bilinsko.cz\/planovane-cyklotrasy-propoji-bilinu-s-celym-usteckym-krajem\/\">Labsk\u00e1 stezka<\/a> je va\u0161\u00ed ide\u00e1ln\u00ed volbou. Tato mezin\u00e1rodn\u00ed d\u00e1lkov\u00e1 cyklotrasa (sou\u010d\u00e1st trasy EuroVelo 7) vedouc\u00ed pod\u00e9l \u0159eky Labe nab\u00edz\u00ed stovky kilometr\u016f brusla\u0159sk\u00fdch mo\u017enost\u00ed. V \u00dasteck\u00e9m kraji m\u00e1 trasa celkem 96 km a za\u010d\u00edn\u00e1 ve \u0160t\u011bt\u00ed.<\/p>\n\n<p>Labsk\u00e1 stezka je v\u0161ak oproti Matyld\u011b o n\u011bco n\u00e1ro\u010dn\u011bj\u0161\u00ed \u2013 p\u0159ich\u00e1z\u00edte zde do kontaktu s cyklisty (n\u011bkdy velmi rychl\u00fdmi) a dal\u0161\u00edmi chodci. Obez\u0159etnost je proto rozhodn\u011b na m\u00edst\u011b. Vhodn\u00fd \u00fasek pro rodiny s d\u011btmi je nap\u0159\u00edklad trasa z <a href=\"https:\/\/bilinsko.cz\/lovos\/\">Lovosic<\/a> p\u0159es Park Osmi\u010dka nebo \u00fasek u Brand\u00fdsa nad Labem, kde je relativn\u011b klidn\u011bji a bezpe\u010dn\u011bji.<\/p>\n\n<h2>Park Osmi\u010dka v Lovosic\u00edch \u2013 Skryt\u00fd klenot<\/h2>\n\n<p>Nen\u00e1padn\u00e9, ale velmi p\u0159\u00edjemn\u00e9 brusla\u0159sk\u00e9 prost\u0159ed\u00ed nab\u00edz\u00ed m\u011bstsk\u00fd Park Osmi\u010dka v Lovosic\u00edch. Na rozd\u00edl od hektick\u00e9ho d\u011bn\u00ed na hlavn\u00ed Labsk\u00e9 stezce m\u00e1 park poklidnou atmosf\u00e9ru a dostatek st\u00ednu \u2013 perfektn\u00ed na hork\u00e9m letn\u00edm dni.<\/p>\n\n<p>Park p\u0159\u00edmo navazuje na del\u0161\u00ed rovinatou dr\u00e1hu v bl\u00edzkosti \u0159eky Labe, kter\u00e1 vede a\u017e k p\u0159\u00edvozu v Mal\u00fdch \u017dernosek\u00e1ch. Odtud se d\u00e1 bez probl\u00e9mu napojit na Labskou stezku. Prost\u0159ed\u00ed je family-friendly a ide\u00e1ln\u00ed pro rodiny s mal\u00fdmi d\u011btmi, kter\u00e9 teprve za\u010d\u00ednaj\u00ed s bruslen\u00edm.<\/p>\n\n<h2>Praktick\u00e9 tipy pro rodinn\u00e9 bruslen\u00ed<\/h2>\n\n<p>Ne\u017e se vyd\u00e1te na brusla\u0159skou akci s d\u011btmi, nezapome\u0148te na z\u00e1kladn\u00ed vybaven\u00ed:<\/p>\n<ul>\n<li>Kvalitn\u00ed brusle p\u0159izp\u016fsoben\u00e9 v\u011bku a velikosti d\u00edt\u011bte<\/li>\n<li>Ochrann\u00e9 pom\u016fcky \u2013 p\u0159ilba, chr\u00e1ni\u010de na z\u00e1p\u011bst\u00ed, lokty a kolena<\/li>\n<li>Vhodn\u00e9 oble\u010den\u00ed \u2013 odv\u011btr\u00e1van\u00e9 tri\u010dko a lehk\u00e9 kalhoty v l\u00e9t\u011b<\/li>\n<li>Voda a sva\u010dina \u2013 hydratace je d\u016fle\u017eit\u00e1<\/li>\n<li>Slune\u010dn\u00edk nebo \u010depice \u2013 ochrana p\u0159ed sluncem<\/li>\n<\/ul>\n\n<p>Za\u010d\u00ednejte pomalu a nechte d\u011btem \u010das na zvyk. Nejlep\u0161\u00ed je za\u010d\u00edt na rovn\u00fdch a bezpe\u010dn\u00fdch m\u00edstech jako je Matylda, kde se va\u0161e d\u00edt\u011b nebude c\u00edtit ohro\u017eeno. Se zvy\u0161uj\u00edc\u00ed se sebed\u016fv\u011brou pak m\u016f\u017eete postupn\u011b p\u0159ech\u00e1zet na del\u0161\u00ed a n\u00e1ro\u010dn\u011bj\u0161\u00ed trasy.<\/p>\n\n<p>Pokud byste cht\u011bli roz\u0161\u00ed\u0159it sv\u016fj pohled na dal\u0161\u00ed atraktivity v kraji, pod\u00edvejte se na na\u0161i galerii tip\u016f \u2013 m\u00e1me pro v\u00e1s p\u0159ipraven\u00e9 \u010dl\u00e1nky o <a href=\"https:\/\/bilinsko.cz\/koupaliste-brna-a-klise-nejlepsi-mista-pro-letni-osvezeni-v-usti-nad-labem\/\">nejlep\u0161\u00edch koupali\u0161t\u00edch v \u00dast\u00ed nad Labem<\/a>, <a href=\"https:\/\/bilinsko.cz\/nejcistsi-jezera-na-koupani-v-cr-naleznete-je-v-usteckem-kraji\/\">nej\u010dist\u0161\u00edch jezerech na koup\u00e1n\u00ed v \u010cR<\/a>, a tak\u00e9 o <a href=\"https:\/\/bilinsko.cz\/pohadkovy-les-hrobcice\/\">z\u00e1bav\u011b v Poh\u00e1dkov\u00e9m lese Hrob\u010dice<\/a>.<\/p>\n\n<h2>Kam se vypravit p\u0159\u00ed\u0161t\u00ed v\u00edkend?<\/h2>\n\n<p>\u00dasteck\u00fd kraj v\u00e1s vyb\u00edz\u00ed k aktivn\u00edmu odpo\u010dinku. A\u0165 u\u017e se rozhodnete pro klidn\u00e9 okruhy kolem Matyldy nebo dobrodru\u017estv\u00ed na Labsk\u00e9 stezce, bruslen\u00ed v tomto kraji v\u00e1m a va\u0161\u00ed rodin\u011b p\u0159inese spoustu nezapomenuteln\u00fdch chvil. Nechte se inspirovat na\u0161imi \u010dl\u00e1nky a vydejte se na kola \u2013 ne na kole, ale na brusl\u00edch!<\/p>\n\n<p> Pokud hled\u00e1te kvalitn\u00ed vybaven\u00ed pro bruslen\u00ed, doporu\u010dujeme <a href=\"https:\/\/www.sedco.cz\/detske-koleckove-brusle-mondo-girl\" target=\"_blank\" rel=\"noopener\">d\u011btsk\u00e9 brusl\u011b Mondo Girl od SEDCO<\/a>, kter\u00e9 jsou speci\u00e1ln\u011b navr\u017eeny pro bezpe\u010dn\u00e9 a pohodln\u00e9 bruslen\u00ed d\u011bt\u00ed.<\/p>\n","protected":false},"excerpt":{"rendered":"<p>Bruslen\u00ed v \u00dasteck\u00e9m kraji: Ide\u00e1ln\u00ed trasy a destinace pro rodiny s d\u011btmi \u00dasteck\u00fd kraj je skv\u011blou destinac\u00ed pro rodiny, kter\u00e9 miluj\u00ed aktivn\u00ed tr\u00e1ven\u00ed voln\u00e9ho \u010dasu. A\u0165 u\u017e jste za\u010d\u00e1te\u010dn\u00edci nebo zku\u0161en\u00ed brusla\u0159i, v tomto regionu najdete spousty atraktivn\u00edch m\u00edst pro in-line bruslen\u00ed. Pop\u00ed\u0161eme v\u00e1m nejlep\u0161\u00ed trasy a tipy, kde se s d\u011btmi a kamar\u00e1dy vydat [&hellip;]<\/p>\n","protected":false},"author":1,"featured_media":5309,"comment_status":"closed","ping_status":"closed","sticky":false,"template":"","format":"standard","meta":{"_et_pb_use_builder":"off","_et_pb_old_content":"","_et_gb_content_width":"","footnotes":""},"categories":[29],"tags":[],"class_list":["post-5310","post","type-post","status-publish","format-standard","has-post-thumbnail","hentry","category-blog"],"_links":{"self":[{"href":"https:\/\/bilinsko.cz\/wp-json\/wp\/v2\/posts\/5310","targetHints":{"allow":["GET"]}}],"collection":[{"href":"https:\/\/bilinsko.cz\/wp-json\/wp\/v2\/posts"}],"about":[{"href":"https:\/\/bilinsko.cz\/wp-json\/wp\/v2\/types\/post"}],"author":[{"embeddable":true,"href":"https:\/\/bilinsko.cz\/wp-json\/wp\/v2\/users\/1"}],"replies":[{"embeddable":true,"href":"https:\/\/bilinsko.cz\/wp-json\/wp\/v2\/comments?post=5310"}],"version-history":[{"count":2,"href":"https:\/\/bilinsko.cz\/wp-json\/wp\/v2\/posts\/5310\/revisions"}],"predecessor-version":[{"id":5312,"href":"https:\/\/bilinsko.cz\/wp-json\/wp\/v2\/posts\/5310\/revisions\/5312"}],"wp:featuredmedia":[{"embeddable":true,"href":"https:\/\/bilinsko.cz\/wp-json\/wp\/v2\/media\/5309"}],"wp:attachment":[{"href":"https:\/\/bilinsko.cz\/wp-json\/wp\/v2\/media?parent=5310"}],"wp:term":[{"taxonomy":"category","embeddable":true,"href":"https:\/\/bilinsko.cz\/wp-json\/wp\/v2\/categories?post=5310"},{"taxonomy":"post_tag","embeddable":true,"href":"https:\/\/bilinsko.cz\/wp-json\/wp\/v2\/tags?post=5310"}],"curies":[{"name":"wp","href":"https:\/\/api.w.org\/{rel}","templated":true}]}}]